{"id":2411,"date":"2014-07-23T21:38:52","date_gmt":"2014-07-23T19:38:52","guid":{"rendered":"http:\/\/www.maxschoenherr.de\/clock\/?p=2411"},"modified":"2014-07-24T10:51:21","modified_gmt":"2014-07-24T08:51:21","slug":"die-erde-spricht-wdr-5-dramolett","status":"publish","type":"post","link":"https:\/\/www.maxschoenherr.de\/clock\/die-erde-spricht-wdr-5-dramolett\/","title":{"rendered":"die erde spricht | wdr 5 dramolett"},"content":{"rendered":"<p style=\"text-align: center;\"><a href=\"http:\/\/www.maxschoenherr.de\/clock\/wp-content\/uploads\/2014\/07\/graf-de-dion-im-dampfwagen-nach-dem-rennen-1894-in-rouen.jpg\"><img loading=\"lazy\" decoding=\"async\" class=\"aligncenter size-medium wp-image-2412\" src=\"http:\/\/www.maxschoenherr.de\/clock\/wp-content\/uploads\/2014\/07\/graf-de-dion-im-dampfwagen-nach-dem-rennen-1894-in-rouen-300x211.jpg\" alt=\"graf-de-dion-im-dampfwagen-nach-dem-rennen-1894-in-rouen\" width=\"300\" height=\"211\" srcset=\"https:\/\/www.maxschoenherr.de\/clock\/wp-content\/uploads\/2014\/07\/graf-de-dion-im-dampfwagen-nach-dem-rennen-1894-in-rouen-300x211.jpg 300w, https:\/\/www.maxschoenherr.de\/clock\/wp-content\/uploads\/2014\/07\/graf-de-dion-im-dampfwagen-nach-dem-rennen-1894-in-rouen.jpg 714w\" sizes=\"auto, (max-width: 300px) 100vw, 300px\" \/><\/a><em><a title=\"albert de dion in der wikipedia\" href=\"https:\/\/de.wikipedia.org\/wiki\/Albert_de_Dionhttp:\/\/\" target=\"_blank\">graf de dion<\/a> mit seinem heizer im &#8222;de dion&#8220; dampfwagen \u2013 erster in rouen<\/em><\/p>\n<p style=\"text-align: justify;\">wir (die redaktion und ich) litten diesmal unter der d\u00fcnnen, tagesaktuellen nachrichtenlage. die kriege israel\/gaza und ostukraine wollten wir nicht aufgreifen; die themen waren \u00fcberall in anderen medien zu h\u00f6ren. das dramolett soll sich aber, wie die ganze sendung <a title=\"webseite der sendung politikum\" href=\"http:\/\/www.wdr5.de\/sendungen\/politikum\/politikum_index100.html\" target=\"_blank\">wdr 5\/politikum<\/a>, m\u00f6glichst stark an den politischen ereignissen des sendetags orientieren. also, was tun?<\/p>\n<p style=\"text-align: justify;\">wir \u00fcberlegten zusammen, und tamara, meine redakteurin. meinte, das thema &#8222;krieg gegen die erde&#8220; werde im moment stark diskutiert, nicht zuletzt wegen eines mit &#8222;<a title=\"essay &quot;\u00f6ko-apartheit - krieg gegen die erde&quot; von vandana shiva\" href=\"https:\/\/www.blaetter.de\/archiv\/jahrgaenge\/2014\/juli\/oeko-apartheid-der-krieg-gegen-die-erde\" target=\"_blank\">\u00f6ko-apartheit<\/a>&#8220; titulierten essays der umweltaktivistin <a title=\"vandana shiva in der wikipedia\" href=\"https:\/\/de.wikipedia.org\/wiki\/Vandana_Shiva\" target=\"_blank\">vandana shiva<\/a>. frau shiva schreibt in ihrem \u00f6kologisch korrekten aufsatz immer wieder von einer erde, gegen die die menschen krieg f\u00fchrten. als w\u00fcrden sie nicht krieg gegen sich selbst f\u00fchren! ich baute daraus den text f\u00fcr ein minih\u00f6rspiel, das bei einem autowettbewerb 1894 startet und dann \u00fcber die verwendeten fossilen brennstoffe (das dampfauto verbrannte kohle, die eigentlichen sieger des wettbewerbs verbrannten benzin) bei der erde landet.<\/p>\n<p style=\"text-align: justify;\">damit war die aktualit\u00e4t doppelt hergestellt. gestern vor 120 jahren fand das weltweit erste autorennen, zwischen paris und rouen; eigentlich noch kein autorennen im sp\u00e4teren sinn, eher eine zuverl\u00e4ssigkeitsfahrt. der \u2192 <a title=\"paris \u2192 rouen-autowettbewerb vor 120 jahren in der englischen wikipedia\" href=\"https:\/\/en.wikipedia.org\/wiki\/1894_Paris%E2%80%93Rouen\" target=\"_blank\">englische wikipediaartikel dazu<\/a> ist gut.<\/p>\n<p style=\"text-align: center;\"><a href=\"http:\/\/www.maxschoenherr.de\/clock\/wp-content\/uploads\/2014\/07\/elaPaul_H\u00fcseyinCirpici_H\u00f6rspielaufnahme_2014.jpg\"><img loading=\"lazy\" decoding=\"async\" class=\"aligncenter size-medium wp-image-2414\" src=\"http:\/\/www.maxschoenherr.de\/clock\/wp-content\/uploads\/2014\/07\/elaPaul_H\u00fcseyinCirpici_H\u00f6rspielaufnahme_2014-225x300.jpg\" alt=\"elaPaul_H\u00fcseyinCirpici_H\u00f6rspielaufnahme_2014\" width=\"225\" height=\"300\" srcset=\"https:\/\/www.maxschoenherr.de\/clock\/wp-content\/uploads\/2014\/07\/elaPaul_H\u00fcseyinCirpici_H\u00f6rspielaufnahme_2014-225x300.jpg 225w, https:\/\/www.maxschoenherr.de\/clock\/wp-content\/uploads\/2014\/07\/elaPaul_H\u00fcseyinCirpici_H\u00f6rspielaufnahme_2014-768x1024.jpg 768w, https:\/\/www.maxschoenherr.de\/clock\/wp-content\/uploads\/2014\/07\/elaPaul_H\u00fcseyinCirpici_H\u00f6rspielaufnahme_2014.jpg 1200w\" sizes=\"auto, (max-width: 225px) 100vw, 225px\" \/><\/a><em>ela paul (mit erdball) und h\u00fcseyn cirpici (als erde, im wasser)<\/em><\/p>\n<p style=\"text-align: justify;\">der dreimin\u00fcter lief heute, und meine schauspieler waren \u2013 wie schon in einem \u2192 <a title=\"dramolett &quot;kapitalwolken&quot;\" href=\"http:\/\/www.maxschoenherr.de\/clock\/?p=805\" target=\"_blank\">fr\u00fcheren st\u00fcck<\/a> \u2013 <a title=\"ela paul in der wikipedia\" href=\"http:\/\/de.wikipedia.org\/wiki\/Ela_Paul\" target=\"_blank\">ela paul<\/a> und\u00a0<a title=\"h\u00fcseyin cirpici im ensemble des theaters krefeld\" href=\"http:\/\/www.theater-kr-mg.de\/ensemble\/theaterleitung\/cirpici-hueseyin-michael.htm\" target=\"_blank\">h\u00fcseyin cirpici<\/a>. im foto oben sind die beiden bei der arbeit an dem st\u00fcck zu sehen: h\u00fcseyin spielt neben der m\u00e4nnlichen hauptrolle, dem naiven, umweltbewussten hans, auch die erde. dazu h\u00e4lt er die unterlippe im wasser. im hintergrund h\u00e4lt ela den ball, der einige ger\u00e4usche der erde unterstreicht. ela spricht die n\u00fcchtern-klute weibliche hauptrolle der leni.<\/p>\n<p style=\"text-align: justify;\">hier das st\u00fcck zum nachh\u00f6ren. die heute gesendete version ist etwa eine minute k\u00fcrzer.<\/p>\n<p style=\"text-align: center;\"><audio controls=\"controls\"><source src=\"http:\/\/www.maxschoenherr.de\/radio\/Dramolett - Die Erde spricht - Langfassung.mp3\" type=\"audio\/mp3\" \/><!--fallback--><br \/>\nWenn Sie das nicht abspielen k\u00f6nnen, fehlt Ihrem Browser HTML5.<\/audio><br \/>\n<em>dramolett &#8222;die erde spricht&#8220; vom 23. juli 2014<\/em><\/p>\n<p>#wen es interessiert \u2013 einige details aus der produktion:<\/p>\n<p>f\u00fcr perfekte aufnahmen aller stimmen sorgte die wdr-technikern<em> astrid gro\u00dfmann<\/em>. sie hatte uns neben den monomikrofonen f\u00fcr die reinen sprachaufnahmen ein stereomikrofon im studio 15\u00a0 eingerichtet und sa\u00df am pult.<\/p>\n<p style=\"text-align: justify;\">so klingt h\u00fcseyn cirpici, wenn er mit dem mund in der wassersch\u00fcssel die erde spricht. erster versuch:<\/p>\n<p style=\"text-align: center;\"><audio controls=\"controls\"><source src=\"http:\/\/www.maxschoenherr.de\/radio\/outtake - erde blubbert.mp3\" type=\"audio\/mp3\" \/><!--fallback--><br \/>\nWenn Sie das nicht abspielen k\u00f6nnen, fehlt Ihrem Browser HTML5.<\/audio><br \/>\n<em>outtake: die erde spricht (mundger\u00e4usche)<br \/>\n<\/em><\/p>\n<p style=\"text-align: justify;\">ich nahm, wie immer, die aufnahmen mit in mein b\u00fcro\/studio schnitt und mischte. als nach einigen stunden alles praktisch fertig war, dachte ich: da w\u00e4re jetzt zur abrundung eine musik ganz gut. ich habe die musik f\u00fcr eine story meistens im ohr, so auch in diesem fall. warf also cubase an, legte eine spur mit einem stark synthetischen, fl\u00e4chigen sound an (er kam von native instruments&#8216; massive). diese spur h\u00f6rt sich so an:<\/p>\n<p style=\"text-align: center;\"><audio controls=\"controls\"><source src=\"http:\/\/www.maxschoenherr.de\/radio\/outtake - musik spur1.mp3\" type=\"audio\/mp3\" \/><!--fallback--><br \/>\nWenn Sie das nicht abspielen k\u00f6nnen, fehlt Ihrem Browser HTML5.<\/audio><br \/>\n<em>fl\u00e4chige musik<br \/>\n<\/em><\/p>\n<p style=\"text-align: justify;\">als ich die musik unter hans&#8216; besorgte monologe legte, funktionierte das bestens. es gab aber einige stellen besonderer dramatik, und f\u00fcr die legte ich eine weitere musikspur an, diesmal mit streichern. sie treten in der schlussmischung stark in den hintergrund, f\u00fchren aber subtil die melodie. in diesem fall spielte ich im stil richard wagners eine kadenz in f-moll, die sich in halbst\u00f6nen (von dis \u00fcber d nach cis) nach unten bewegt. diese streicher klingen solo so:<\/p>\n<p style=\"text-align: center;\"><audio controls=\"controls\"><source src=\"http:\/\/www.maxschoenherr.de\/radio\/outtake - musik spur3.mp3\" type=\"audio\/mp3\" \/><!--fallback--><br \/>\nWenn Sie das nicht abspielen k\u00f6nnen, fehlt Ihrem Browser HTML5.<\/audio><br \/>\n<em>streicher in f-moll<br \/>\n<\/em><\/p>\n<p style=\"text-align: justify;\">meine lieblingsstelle in der produktion enth\u00e4lt diese musik. sie klingt ohne musik so:<\/p>\n<p style=\"text-align: center;\"><audio controls=\"controls\"><source src=\"http:\/\/www.maxschoenherr.de\/radio\/outtake - nur hans.mp3\" type=\"audio\/mp3\" \/><!--fallback--><br \/>\nWenn Sie das nicht abspielen k\u00f6nnen, fehlt Ihrem Browser HTML5.<\/audio><br \/>\n<em>hans solo; er sorgt sich um die erde.<br \/>\n<\/em><\/p>\n<p style=\"text-align: left;\">und so h\u00f6rt sie sich in der schlussmischung an. ich habe den akkordwechsel auf den halbsatz &#8222;wenn sie tief aus dem boden ihre kohle sprengen&#8220; gelegt; da wird es einem ganz anders vor r\u00fchrung:<\/p>\n<p style=\"text-align: center;\"><audio controls=\"controls\"><source src=\"http:\/\/www.maxschoenherr.de\/radio\/outtake - hans mit musik.mp3\" type=\"audio\/mp3\" \/><!--fallback--><br \/>\nWenn Sie das nicht abspielen k\u00f6nnen, fehlt Ihrem Browser HTML5.<\/audio><br \/>\n<em>hans sorgt sich um die erde. dramatische musikmischung<br \/>\n<\/em><\/p>\n<p style=\"text-align: justify;\">musik findet sich an mehreren stellen, auch noch eine etwas dynamischere musik; au\u00dferdem vogelzwitschern, um die au\u00dfenatmosph\u00e4re, in der sich das autorennen abspielt, zu unterstreichen. diese atmo ist kaum zu h\u00f6ren, aber sie erdet die schauspieler quasi im &#8222;drau\u00dfen&#8220;; denn in der puren studioaufnahme klingen sie so, dass sie \u00fcberall sein k\u00f6nnten.<\/p>\n<p>ach so: von einem 120 jahre vergangenen auto-happening gibt es nat\u00fcrlich keine tonaufnahmen. deswegen entschied ich mich im studio, dass wir zu dritt (ela, h\u00fcseyin und ich) am stereomikrofon die autos, die motoren, die hupen, den wasserdampf mit mundger\u00e4uschen spielen. wir hockten uns dazu auf den boden. es h\u00f6rt sich v\u00f6llig unprofessionell an, funktoniert aber im kontext der gesamtmischung bestens. hier ein outtake von dieser session:<\/p>\n<p style=\"text-align: center;\"><audio controls=\"controls\"><source src=\"http:\/\/www.maxschoenherr.de\/radio\/outtake - Puff Tut Atmo.mp3\" type=\"audio\/mp3\" \/><!--fallback--><br \/>\nWenn Sie das nicht abspielen k\u00f6nnen, fehlt Ihrem Browser HTML5.<\/audio><br \/>\n<em>dramolett outtake: autosounds \u00e0 la 1884 (mundger\u00e4usche)<\/em><\/p>\n","protected":false},"excerpt":{"rendered":"<p>graf de dion mit seinem heizer im &#8222;de dion&#8220; dampfwagen \u2013 erster in rouen wir (die redaktion und ich) litten diesmal unter der d\u00fcnnen, tagesaktuellen nachrichtenlage. die kriege israel\/gaza und ostukraine wollten wir nicht aufgreifen; die themen waren \u00fcberall in anderen medien zu h\u00f6ren. das dramolett soll sich aber, wie die ganze sendung wdr 5\/politikum, [&hellip;]<\/p>\n","protected":false},"author":2,"featured_media":0,"comment_status":"closed","ping_status":"open","sticky":false,"template":"","format":"standard","meta":{"footnotes":""},"categories":[248,4],"tags":[853,36,851,347,852,301,850,80],"class_list":["post-2411","post","type-post","status-publish","format-standard","hentry","category-historisches","category-dramolette","tag-aufnahme","tag-autorennen","tag-erde","tag-hoerspiel","tag-krieg-gegen-die-erde","tag-studio","tag-umwelt","tag-umweltzerstoerung"],"wp-worthy-pixel":{"ignored":false,"public":"3b96555b00b946659878a6cb7c98bbdd","server":"vg01.met.vgwort.de","url":"https:\/\/vg01.met.vgwort.de\/na\/3b96555b00b946659878a6cb7c98bbdd"},"wp-worthy-type":"normal","_links":{"self":[{"href":"https:\/\/www.maxschoenherr.de\/clock\/wp-json\/wp\/v2\/posts\/2411","targetHints":{"allow":["GET"]}}],"collection":[{"href":"https:\/\/www.maxschoenherr.de\/clock\/wp-json\/wp\/v2\/posts"}],"about":[{"href":"https:\/\/www.maxschoenherr.de\/clock\/wp-json\/wp\/v2\/types\/post"}],"author":[{"embeddable":true,"href":"https:\/\/www.maxschoenherr.de\/clock\/wp-json\/wp\/v2\/users\/2"}],"replies":[{"embeddable":true,"href":"https:\/\/www.maxschoenherr.de\/clock\/wp-json\/wp\/v2\/comments?post=2411"}],"version-history":[{"count":13,"href":"https:\/\/www.maxschoenherr.de\/clock\/wp-json\/wp\/v2\/posts\/2411\/revisions"}],"predecessor-version":[{"id":2426,"href":"https:\/\/www.maxschoenherr.de\/clock\/wp-json\/wp\/v2\/posts\/2411\/revisions\/2426"}],"wp:attachment":[{"href":"https:\/\/www.maxschoenherr.de\/clock\/wp-json\/wp\/v2\/media?parent=2411"}],"wp:term":[{"taxonomy":"category","embeddable":true,"href":"https:\/\/www.maxschoenherr.de\/clock\/wp-json\/wp\/v2\/categories?post=2411"},{"taxonomy":"post_tag","embeddable":true,"href":"https:\/\/www.maxschoenherr.de\/clock\/wp-json\/wp\/v2\/tags?post=2411"}],"curies":[{"name":"wp","href":"https:\/\/api.w.org\/{rel}","templated":true}]}}