{"id":2393,"date":"2014-07-21T14:39:35","date_gmt":"2014-07-21T12:39:35","guid":{"rendered":"http:\/\/www.maxschoenherr.de\/clock\/?p=2393"},"modified":"2014-07-21T20:30:30","modified_gmt":"2014-07-21T18:30:30","slug":"gayglers-gleams-liberale-it-industrie","status":"publish","type":"post","link":"https:\/\/www.maxschoenherr.de\/clock\/gayglers-gleams-liberale-it-industrie\/","title":{"rendered":"gayglers &#038; gleam | liberale IT-industrie"},"content":{"rendered":"<p style=\"text-align: justify;\"><em>matt haber<\/em> berichtete am wochenende in der new york times \u00fcber den von weiten teilen der IT-industrie rund um san francisco unterst\u00fctzten schwulen-aktionstag, genauer: den\u00a0<a title=\"gay and lesbian day - new york times\" href=\"http:\/\/www.nytimes.com\/2014\/07\/20\/fashion\/silicon-valley-embrace-gay-and-lesbian-community.html\" target=\"_blank\">44. pride day<\/a> ende juni. in diesem langen artikel kommt mehrfach ganz selbstverst\u00e4ndlich das k\u00fcrzel <a title=\"LGBT in der wikipedia\" href=\"http:\/\/de.wikipedia.org\/wiki\/LGBT\" target=\"_blank\">LGBT<\/a> vor; ich musste nachschlagen, um zu wissen, wof\u00fcr es genau steht: f\u00fcr lesbisch, gay, bisexuell und transgender. ganz selbstverst\u00e4ndlich fiel in dem artikel das wort <em>gayglers<\/em> \u2013 damit sind die LGBTs des IT-konzerns google gemeint. hier ein foto aus der <a title=\"gaygler parade 2009, fotografiert von sam kimbrel\" href=\"https:\/\/www.flickr.com\/photos\/kimbrel\/3718025326\/lightbox\/\" target=\"_blank\">bildstrecke<\/a> des gaygler-fotografen <a title=\"sam kimbrel bei flickr\" href=\"https:\/\/www.flickr.com\/photos\/kimbrel\/\" target=\"_blank\">sam kimbrel<\/a>:<\/p>\n<p style=\"text-align: center;\"><a href=\"http:\/\/www.maxschoenherr.de\/clock\/wp-content\/uploads\/2014\/07\/sam-kimbrel-google-gaygler-pride-day-2009.jpg\"><img loading=\"lazy\" decoding=\"async\" class=\"aligncenter size-medium wp-image-2394\" src=\"http:\/\/www.maxschoenherr.de\/clock\/wp-content\/uploads\/2014\/07\/sam-kimbrel-google-gaygler-pride-day-2009-300x200.jpg\" alt=\"sam-kimbrel---google-gaygler-pride-day-2009\" width=\"300\" height=\"200\" srcset=\"https:\/\/www.maxschoenherr.de\/clock\/wp-content\/uploads\/2014\/07\/sam-kimbrel-google-gaygler-pride-day-2009-300x200.jpg 300w, https:\/\/www.maxschoenherr.de\/clock\/wp-content\/uploads\/2014\/07\/sam-kimbrel-google-gaygler-pride-day-2009.jpg 640w\" sizes=\"auto, (max-width: 300px) 100vw, 300px\" \/><\/a><em>gaygler beim LGBT pride day in san francisco 2009. foto: sam kimbrel<\/em><\/p>\n<p style=\"text-align: justify;\">das kunstwort gaygler (ein hybrid aus gay=homosexuell und googler=mitarbeiter von google) hat im dezember 2006 deborah schoenemann in ihrem artikel &#8222;<a title=\"erster artikel \u00fcber gaygler - new york times vom 31. dezember 2006\" href=\"http:\/\/www.nytimes.com\/2006\/12\/31\/fashion\/31google.html\" target=\"_blank\">can google come out to play?<\/a>&#8220; in die \u00f6ffentlichkeit gebracht, ebenfalls in der new york times. zuvor wurde er weitgehend nur google-intern verwendet.<\/p>\n<p style=\"text-align: justify;\">wenn man nun den kurzen englischen <a title=\"gayglers in der englischen wikipedia\" href=\"http:\/\/en.wikipedia.org\/wiki\/Gayglers\" target=\"_blank\">wikipediaartikel \u00fcber gaygler<\/a> liest, findet sich ein link zu einem verwandten wikipedia-artikel, n\u00e4mlich zu <a title=\"GLEAM in der englischen wikipedia\" href=\"http:\/\/en.wikipedia.org\/wiki\/Gay_and_Lesbian_Employees_at_Microsoft\" target=\"_blank\">GLEAM<\/a>: gay and lesbian employees at microsoft. dieser begriff reicht in die 1980er jahre zur\u00fcck und wurde 1989 ins betriebsmanifest von microsoft geschrieben, um ein zeichen zu setzen: man ist fortschrittlich und f\u00f6rdert ein diskriminierungsfreies umfeld f\u00fcr menschen &#8222;anderer&#8220; sexueller pr\u00e4ferenzen. man sagt \u00fcbrigens nicht &#8222;gleamers&#8220;, denn der begriff <em>gleamer<\/em> ist bereits anderweitig besetzt, n\u00e4mlich als kosmetik, die bestimmte hautpartien gl\u00e4nzend (gleam=glanz) erscheinen l\u00e4sst, etwa lipgloss.<\/p>\n","protected":false},"excerpt":{"rendered":"<p>matt haber berichtete am wochenende in der new york times \u00fcber den von weiten teilen der IT-industrie rund um san francisco unterst\u00fctzten schwulen-aktionstag, genauer: den\u00a044. pride day ende juni. in diesem langen artikel kommt mehrfach ganz selbstverst\u00e4ndlich das k\u00fcrzel LGBT vor; ich musste nachschlagen, um zu wissen, wof\u00fcr es genau steht: f\u00fcr lesbisch, gay, bisexuell [&hellip;]<\/p>\n","protected":false},"author":2,"featured_media":0,"comment_status":"closed","ping_status":"open","sticky":false,"template":"","format":"standard","meta":{"footnotes":""},"categories":[1,15,631],"tags":[96,374,841,843,844,842],"class_list":["post-2393","post","type-post","status-publish","format-standard","hentry","category-allgemein","category-exzellente-worte","category-wikipedia-2","tag-google","tag-homosexuell","tag-lesbisch","tag-pride-day","tag-sfo","tag-transsexuell"],"wp-worthy-pixel":{"ignored":false,"public":null,"server":null,"url":null},"wp-worthy-type":"normal","_links":{"self":[{"href":"https:\/\/www.maxschoenherr.de\/clock\/wp-json\/wp\/v2\/posts\/2393","targetHints":{"allow":["GET"]}}],"collection":[{"href":"https:\/\/www.maxschoenherr.de\/clock\/wp-json\/wp\/v2\/posts"}],"about":[{"href":"https:\/\/www.maxschoenherr.de\/clock\/wp-json\/wp\/v2\/types\/post"}],"author":[{"embeddable":true,"href":"https:\/\/www.maxschoenherr.de\/clock\/wp-json\/wp\/v2\/users\/2"}],"replies":[{"embeddable":true,"href":"https:\/\/www.maxschoenherr.de\/clock\/wp-json\/wp\/v2\/comments?post=2393"}],"version-history":[{"count":5,"href":"https:\/\/www.maxschoenherr.de\/clock\/wp-json\/wp\/v2\/posts\/2393\/revisions"}],"predecessor-version":[{"id":2399,"href":"https:\/\/www.maxschoenherr.de\/clock\/wp-json\/wp\/v2\/posts\/2393\/revisions\/2399"}],"wp:attachment":[{"href":"https:\/\/www.maxschoenherr.de\/clock\/wp-json\/wp\/v2\/media?parent=2393"}],"wp:term":[{"taxonomy":"category","embeddable":true,"href":"https:\/\/www.maxschoenherr.de\/clock\/wp-json\/wp\/v2\/categories?post=2393"},{"taxonomy":"post_tag","embeddable":true,"href":"https:\/\/www.maxschoenherr.de\/clock\/wp-json\/wp\/v2\/tags?post=2393"}],"curies":[{"name":"wp","href":"https:\/\/api.w.org\/{rel}","templated":true}]}}