{"id":2176,"date":"2014-06-18T19:53:45","date_gmt":"2014-06-18T17:53:45","guid":{"rendered":"http:\/\/www.maxschoenherr.de\/clock\/?p=2176"},"modified":"2014-06-23T11:28:05","modified_gmt":"2014-06-23T09:28:05","slug":"worthuelse-autismus-minihoerspiel-wdr-5","status":"publish","type":"post","link":"https:\/\/www.maxschoenherr.de\/clock\/worthuelse-autismus-minihoerspiel-wdr-5\/","title":{"rendered":"worth\u00fclse &#8222;autismus&#8220; | minih\u00f6rspiel wdr 5"},"content":{"rendered":"<p style=\"text-align: center;\"><a href=\"http:\/\/www.maxschoenherr.de\/clock\/wp-content\/uploads\/2014\/06\/Axonometric_cubes_withChaos.jpg\"><img loading=\"lazy\" decoding=\"async\" class=\"aligncenter wp-image-2178 size-medium\" src=\"http:\/\/www.maxschoenherr.de\/clock\/wp-content\/uploads\/2014\/06\/Axonometric_cubes_withChaos-259x300.jpg\" alt=\"Axonometric_cubes_withChaos\" width=\"259\" height=\"300\" srcset=\"https:\/\/www.maxschoenherr.de\/clock\/wp-content\/uploads\/2014\/06\/Axonometric_cubes_withChaos-259x300.jpg 259w, https:\/\/www.maxschoenherr.de\/clock\/wp-content\/uploads\/2014\/06\/Axonometric_cubes_withChaos-886x1024.jpg 886w, https:\/\/www.maxschoenherr.de\/clock\/wp-content\/uploads\/2014\/06\/Axonometric_cubes_withChaos.jpg 1000w\" sizes=\"auto, (max-width: 259px) 100vw, 259px\" \/><\/a><em>symbolbild f\u00fcr die mischung aus chaos der umwelt und innerem verlangen nach ordnung. grafik: m.s.<\/em><\/p>\n<p>meine redakteurin in wdr5\/politikum tamara und ich \u00fcberlegten am letzten freitag, was das dramolett, also das tagesaktuelle minih\u00f6rspiel f\u00fcr den heutigen mittwoch sein k\u00f6nnte. wir m\u00fcssen uns so fr\u00fch absprechen, weil sich so ein st\u00fcck nicht an einem tag herstellen l\u00e4sst. die schritte sind:<\/p>\n<ul>\n<li>themenfindung (freitag)<\/li>\n<li>sprecher \u00fcber die wdr sprecherdispo und den sehr kenntnisreichen j\u00f6rg kernbach anfragen bzw. bestellen (freitag)<\/li>\n<li>plot \u00fcberlegen (wochenende)<\/li>\n<li>manuskript schreiben und besprechen (montag)<\/li>\n<li>die sprecher aufnehmen (dienstag)<\/li>\n<li>produktion, also schnitt, musikkomposition, mischung (dienstag)<\/li>\n<\/ul>\n<p style=\"text-align: justify;\">das st\u00fcck war dienstag nachmittag fertig. ein sehr ernstes st\u00fcck, das den <em>autistic pride day<\/em> am mittwoch zum anlass nimmt, aus dem innenleben einer autistin zu berichten, die den gebrauch des worts &#8222;autismus&#8220; als worth\u00fclse zutiefst verurteilt. ausgangspunkt daf\u00fcr war f\u00fcr mich ein blog der im letzten jahr verstorbenen k\u00f6lner autistin sabine kiefner. vorn und hinten habe ich das motto ihres blogs zitiert:<\/p>\n<p style=\"text-align: justify; padding-left: 30px;\"><em>Das gr\u00f6\u00dfte Problem autistischer Menschen ist nicht der Autismus, sondern das Leben und Zurechtfinden in einer nichtautistischen Welt.<\/em><\/p>\n<p style=\"text-align: justify;\">au\u00dferdem habe ich kernargumente aus ihrem <a title=\"sabine kiefners offener brief an stefan niggemeier\" href=\"https:\/\/aspergerfrauen.wordpress.com\/author\/amiraamal\/\" target=\"_blank\">offenen brief an stefan niggemeier<\/a> paraphrasiert, wo sie dessen leichtfertige benutzung anprangert. der gr\u00f6\u00dfte teil des texts ist rein fiktiv, von mir; es entsteht eine kleine medienkritik von faz \u00fcber zeit bis bild. <a title=\"webseite von tanja haller\" href=\"http:\/\/www.tanja-haller.de\/\" target=\"_blank\">tanja haller<\/a> spielt beide weiblichen rollen, <a title=\"webseite von martin gro\u00df\" href=\"http:\/\/www.meistersprecher.de\/\" target=\"_blank\">martin gro\u00df<\/a> spricht die zitate.<\/p>\n<p style=\"text-align: center;\"><audio controls=\"controls\"><source src=\"http:\/\/www.maxschoenherr.de\/radio\/Dramolett - Worthuelse Autismus - Juni 2014.mp3\" type=\"audio\/mp3\" \/><!--fallback--><br \/>\nWenn Sie das nicht abspielen k\u00f6nnen, fehlt Ihrem Browser HTML5.<\/audio><br \/>\n<em>dramolett &#8222;worth\u00fclse autismus&#8220; mit tanja haller und martin gro\u00df<br \/>\n<\/em><\/p>\n<p style=\"text-align: justify;\">einiges zur aufnahme- und mischtechnik. die schauspieler nahm ich in einem wdr-studio auf. der kollege am pult musste immer wieder die empfindlichkeit des mikrofons \u00e4ndern, weil die stimmen meist sehr sehr leise sprechen, manchmal aber sehr laut sind. einige takes hat tanja vom mikrofon weg gesprochen; es klingt dann, als w\u00fcrden zwei personen miteinander sprechen, in verschiedenen r\u00e4umen, obwohl es derselbe aufnahmeraum war. diese stellen sind am anfang und am schluss zu h\u00f6ren, wo die protagonistin zu tanja sagt, sprich langsam, und tanja sie beruhigt.<\/p>\n<p style=\"text-align: justify;\">im screenshot unten ist das mischfenster zu sehen. die zahl der spuren \u2013 hier waren es sieben \u2013 schwankt je nach produktion. es k\u00f6nnen auch mal nur vier sein, in anderen f\u00e4llen 15. ich finde, einer produktion sollte man die zahl spuren nicht anh\u00f6ren.<\/p>\n<p style=\"text-align: center;\"><a href=\"http:\/\/www.maxschoenherr.de\/clock\/wp-content\/uploads\/2014\/06\/montageAutisten_screenshot.jpg\"><img loading=\"lazy\" decoding=\"async\" class=\"aligncenter size-medium wp-image-2180\" src=\"http:\/\/www.maxschoenherr.de\/clock\/wp-content\/uploads\/2014\/06\/montageAutisten_screenshot-300x219.jpg\" alt=\"montageAutisten_screenshot\" width=\"300\" height=\"219\" srcset=\"https:\/\/www.maxschoenherr.de\/clock\/wp-content\/uploads\/2014\/06\/montageAutisten_screenshot-300x219.jpg 300w, https:\/\/www.maxschoenherr.de\/clock\/wp-content\/uploads\/2014\/06\/montageAutisten_screenshot.jpg 857w\" sizes=\"auto, (max-width: 300px) 100vw, 300px\" \/><\/a><em>misch-fenster f\u00fcr die produktion des minih\u00f6rspiels (bei klick wird es gr\u00f6\u00dfer)<\/em><\/p>\n<p style=\"text-align: justify;\">im oberen bereich sieht man die gesamte komposition. der gro\u00dfe fensterinhalt darunter zeigt die einzelnen aufnahmeschnipsel mit ihren wellenformen. auf der ersten spur sitzt tanja, die nach innen gerichtete hauptstimme. sie ist die leitstimme, sie erz\u00e4hlt die geschichte; ich habe ihr deswegen eine minimale kompression gegeben, was man am &#8222;fx&#8220; links in dieser spur sieht. auch die zweite spur hat einen fx, n\u00e4mlich einen hall. es gibt in dem h\u00f6rspiel einige stellen, wo martin &#8222;autisten&#8220; ruft; diese befinden sich in dieser spur. spur 3 ist leicht links gepegelt; hier habe ich stimmen untergebracht, die ich r\u00e4umlich trennen wollte. ebenso in spur 4, leicht rechts gepegelt. auf dieser spur befinden sich auch alle autistenfeindlichen pressezitate, gesprochen sehr nah am mikrofon von martin gro\u00df.<\/p>\n<p style=\"text-align: justify;\">spur 5 ist eine von mir eigens daf\u00fcr komponierte musik. ich habe daf\u00fcr zun\u00e4chst politikerreden genommen und auf ihre &#8222;ich&#8220;s reduziert. dann w\u00e4hlte ich zwei (digitale) musikinstrumente \u2013 kirchenorgel und jagdhorn \u2013 aus und begleitete die politiker (westerwelle, kohl, merkel, bush, rumsfeld, schavan etc.), wie sie &#8222;ich&#8220;, &#8222;mein&#8220;, &#8222;mir&#8220; sagen, mit orgel und jagdhorn. diese musik entstand in einer so genannten <a title=\"midi\/audio-sequencer in der wikipedia\" href=\"http:\/\/de.wikipedia.org\/wiki\/Sequenzer_%28Musik%29#MIDI-.2FAudio-Sequenzer\" target=\"_blank\">sequencing software<\/a>, also nicht in diesem programm. die spur ist sehr dominant, wenn man sie durch das h\u00f6rspiel durchzieht. deswegen habe ich sie nur an bestimmten stellen eingesetzt, und ziemlich leise gepegelt. hier ein isolierter part daraus:<\/p>\n<p style=\"text-align: center;\"><audio controls=\"controls\"><source src=\"http:\/\/www.maxschoenherr.de\/radio\/ich_musiktrack.mp3\" type=\"audio\/mp3\" \/><!--fallback--><br \/>\nWenn Sie das nicht abspielen k\u00f6nnen, fehlt Ihrem Browser HTML5.<\/audio><br \/>\n<em>autismus-musik; ausschnitt<br \/>\n<\/em><\/p>\n<p style=\"text-align: justify;\">spur 6 besteht aus einer aufnahme in der u-bahn, direkt nach der schauspieleraufnahme, vom wdr in mein b\u00fcro. mir ging im kopf herum, welche atmosph\u00e4re ich dem st\u00fcck geben m\u00f6chte, viele dinge w\u00e4ren m\u00f6glich gewesen, und nahm einfach mal die atmo in der u-bahn auf, brummelte selbst dabei leise vor mich hin. hier ein ausschnitt:<\/p>\n<p style=\"text-align: center;\"><audio controls=\"controls\"><source src=\"http:\/\/www.maxschoenherr.de\/radio\/summenInDerUBahn.mp3\" type=\"audio\/mp3\" \/><!--fallback--><br \/>\nWenn Sie das nicht abspielen k\u00f6nnen, fehlt Ihrem Browser HTML5.<\/audio><br \/>\n<em>summen in der u-bahn; ausschnitt<br \/>\n<\/em><\/p>\n<p style=\"text-align: justify;\">als ich diese atmo unter den text legte, funktionierte das in etwa. mir fehlte aber die w\u00e4rme, die tiefe. statt die b\u00e4sse in der aufnahme anzuheben, entschied ich mich f\u00fcr einen kunstgriff, den ich h\u00e4ufig anwende: ich kopierte die atmo auf die spur 7 und stimmte sie tiefer, in diesem fall um 24 halbt\u00f6ne, also zwei oktaven. die beiden spuren, leicht rechts und links gepegelt, klingen zusammen fantastisch:<\/p>\n<p style=\"text-align: center;\"><audio controls=\"controls\"><source src=\"http:\/\/www.maxschoenherr.de\/radio\/summenZweistimmig.mp3\" type=\"audio\/mp3\" \/><!--fallback--><br \/>\nWenn Sie das nicht abspielen k\u00f6nnen, fehlt Ihrem Browser HTML5.<\/audio><br \/>\n<em>summen in der u-bahn; zweistimmig<br \/>\n<\/em><\/p>\n<p style=\"text-align: justify;\">das besonderen an diesen elementen auf den spuren 5, 6 und 7 ist, dass sie dem h\u00f6rer kaum auffallen, weil er sich ja auf den text konzentriert, aber das ganze st\u00fcck in eine stimmung hineinlenken, der er sich nicht entziehen kann. musik leistet das auch, aber meist platter.<\/p>\n<p style=\"text-align: justify;\">von jungen kollegen werde ich oft gefragt, welche software ich f\u00fcr diese produktionen nutze. ich gebe dann meistens diese antwort: es gibt so viel gute schnitt- und mischsoftware, dass es nicht der rede wert ist, ein produkt beim namen zu nennen. dass ich mit einer \u00e4lteren version von <a title=\"wavelab in der wikipedia\" href=\"https:\/\/de.wikipedia.org\/wiki\/Wavelab\" target=\"_blank\">wavelab<\/a> (und f\u00fcr die musikkomposition mit <a title=\"cubase in der wikipedia\" href=\"https:\/\/de.wikipedia.org\/wiki\/Cubase\" target=\"_blank\">cubase<\/a>) arbeite, ist wirklich nebens\u00e4chlich; ich kenne dieses programme, denke mir manchmal, sie sind mir zu \u00fcppig, manchmal, sie sind mir nicht geradelinig genug, aber ich mag sie beide, und sie tun seit \u00fcber 10 jahren ihren dienst.<\/p>\n","protected":false},"excerpt":{"rendered":"<p>symbolbild f\u00fcr die mischung aus chaos der umwelt und innerem verlangen nach ordnung. grafik: m.s. meine redakteurin in wdr5\/politikum tamara und ich \u00fcberlegten am letzten freitag, was das dramolett, also das tagesaktuelle minih\u00f6rspiel f\u00fcr den heutigen mittwoch sein k\u00f6nnte. wir m\u00fcssen uns so fr\u00fch absprechen, weil sich so ein st\u00fcck nicht an einem tag herstellen [&hellip;]<\/p>\n","protected":false},"author":2,"featured_media":0,"comment_status":"closed","ping_status":"open","sticky":false,"template":"","format":"standard","meta":{"footnotes":""},"categories":[1,524,4],"tags":[756,755,657,347,759,758,573,762,760,757,761,215],"class_list":["post-2176","post","type-post","status-publish","format-standard","hentry","category-allgemein","category-musik","category-dramolette","tag-asperger","tag-autismus","tag-dramolett","tag-hoerspiel","tag-jagdhorn","tag-komposition","tag-minihoerspiel","tag-mischung","tag-orgel","tag-politikum","tag-spuren","tag-wdr"],"wp-worthy-pixel":{"ignored":false,"public":"83ef7e40f904402a84bfb84db0220e76","server":"vg01.met.vgwort.de","url":"https:\/\/vg01.met.vgwort.de\/na\/83ef7e40f904402a84bfb84db0220e76"},"wp-worthy-type":"normal","_links":{"self":[{"href":"https:\/\/www.maxschoenherr.de\/clock\/wp-json\/wp\/v2\/posts\/2176","targetHints":{"allow":["GET"]}}],"collection":[{"href":"https:\/\/www.maxschoenherr.de\/clock\/wp-json\/wp\/v2\/posts"}],"about":[{"href":"https:\/\/www.maxschoenherr.de\/clock\/wp-json\/wp\/v2\/types\/post"}],"author":[{"embeddable":true,"href":"https:\/\/www.maxschoenherr.de\/clock\/wp-json\/wp\/v2\/users\/2"}],"replies":[{"embeddable":true,"href":"https:\/\/www.maxschoenherr.de\/clock\/wp-json\/wp\/v2\/comments?post=2176"}],"version-history":[{"count":13,"href":"https:\/\/www.maxschoenherr.de\/clock\/wp-json\/wp\/v2\/posts\/2176\/revisions"}],"predecessor-version":[{"id":2256,"href":"https:\/\/www.maxschoenherr.de\/clock\/wp-json\/wp\/v2\/posts\/2176\/revisions\/2256"}],"wp:attachment":[{"href":"https:\/\/www.maxschoenherr.de\/clock\/wp-json\/wp\/v2\/media?parent=2176"}],"wp:term":[{"taxonomy":"category","embeddable":true,"href":"https:\/\/www.maxschoenherr.de\/clock\/wp-json\/wp\/v2\/categories?post=2176"},{"taxonomy":"post_tag","embeddable":true,"href":"https:\/\/www.maxschoenherr.de\/clock\/wp-json\/wp\/v2\/tags?post=2176"}],"curies":[{"name":"wp","href":"https:\/\/api.w.org\/{rel}","templated":true}]}}