{"id":2064,"date":"2014-06-10T01:37:33","date_gmt":"2014-06-09T23:37:33","guid":{"rendered":"http:\/\/www.maxschoenherr.de\/clock\/?p=2064"},"modified":"2014-06-12T15:01:24","modified_gmt":"2014-06-12T13:01:24","slug":"bauhaus-bewaeltigung","status":"publish","type":"post","link":"https:\/\/www.maxschoenherr.de\/clock\/bauhaus-bewaeltigung\/","title":{"rendered":"bauhaus dessau | vergangenheitsbew\u00e4ltigung"},"content":{"rendered":"<p style=\"text-align: center;\"><a href=\"http:\/\/www.maxschoenherr.de\/clock\/wp-content\/uploads\/2014\/06\/bauhaus_Dessau_logo.jpg\"><img loading=\"lazy\" decoding=\"async\" class=\"aligncenter size-full wp-image-2065\" src=\"http:\/\/www.maxschoenherr.de\/clock\/wp-content\/uploads\/2014\/06\/bauhaus_Dessau_logo.jpg\" alt=\"bauhaus_Dessau_logo\" width=\"523\" height=\"700\" srcset=\"https:\/\/www.maxschoenherr.de\/clock\/wp-content\/uploads\/2014\/06\/bauhaus_Dessau_logo.jpg 523w, https:\/\/www.maxschoenherr.de\/clock\/wp-content\/uploads\/2014\/06\/bauhaus_Dessau_logo-224x300.jpg 224w\" sizes=\"auto, (max-width: 523px) 100vw, 523px\" \/><\/a><em>2014 restauriertes bauhaus-zentralgeb\u00e4ude. foto: m.s.<\/em><\/p>\n<p style=\"text-align: justify;\">die <a title=\"bauhaus in der wikipedia\" href=\"https:\/\/de.wikipedia.org\/wiki\/Bauhaus\" target=\"_blank\">bauhaus<\/a>-idee begann kurz nach dem ersten weltkrieg in weimar, startete dann in den 1920er jahren in dessau durch und endete abrupt ebenda 1932. \u2192\u00a0<a title=\"bauhaus in dessau, wikipedia\" href=\"https:\/\/de.wikipedia.org\/wiki\/Bauhaus_Dessau\" target=\"_blank\">bauhaus in dessau<\/a>.<\/p>\n<p style=\"text-align: justify;\">wie kam es \u00fcberhaupt dazu, dass in einer kleinen industriestadt eine derma\u00dfen progressive kunstakademie entstand? welches flair des aufbruchs musste da geherrscht haben, dass, wie uns jetzt bei einer f\u00fchrung durchs frisch renovierte hauptgeb\u00e4ude klar gemacht wurde, mehrere st\u00e4dte \u2013 auch frankfurt am main \u2013 den bauhaus-gr\u00fcnder walter gropius umwarben, die geplante hochschule doch bei ihnen einzurichten. die wahl fiel auf dessau, und das makabre daran ist, dass dessau wegen der noch jungen flugzeugindstrie am ort f\u00fcr die bauhaus-gr\u00fcnder attraktiv war. bauhaus\/form\/material\/werkstoff\/metallverarbeitung. im werk des\u00a0<a title=\"hugo junkers in der wikipedia\" href=\"https:\/\/de.wikipedia.org\/wiki\/Hugo_Junkers\" target=\"_blank\">hugo junkers<\/a> lie\u00dfen sie ihre m\u00f6bel schmieden. genau wegen dieser damals noch friedlichen industrie wurde dessau gegen ende des zweiten weltkriegs fast vollst\u00e4ndig zerst\u00f6rt. dessau war f\u00fcr die alliierten zurecht synonym mit der r\u00fcstungsindustrie und dem luftkrieg der deutschen. hier konstruierten die <em>nachfolger<\/em> hugo junkers jagdflugzeuge und bomber in gro\u00dfserien.<\/p>\n<p style=\"text-align: justify;\">hugo junkers&#8216; biografie trifft sich mit der des bauhaus anfang der 1930er jahre, noch bevor hitler 1933 an die macht kam: sein werk ging pleite; er selbst bekam wegen seiner distanz zu den nazis stadtverbot. und was das bauhaus anging: die gr\u00f6\u00dfte fraktion im rathaus dessaus, die\u00a0<a title=\"NSDAP in der wikipedia\" href=\"https:\/\/de.wikipedia.org\/wiki\/Nationalsozialistische_Deutsche_Arbeiterpartei\" target=\"_blank\">NSDAP<\/a>, schaffte die bauhaus-akademie mit der begr\u00fcndung ab, sie sei eine j\u00fcdisch-marxistische veranstaltung (die DDR sp\u00e4ter lehnte das bauhaus ab, weil es zu b\u00fcrgerlich war). ein halbes jahr vor hitlers machtergreifung, also 1932, war schluss mit bauhaus, das bauhaus-kernpersonal aus den so genannten <em>meisterh\u00e4usern<\/em> ausgezogen.<\/p>\n<p style=\"text-align: center;\"><a href=\"http:\/\/www.maxschoenherr.de\/clock\/wp-content\/uploads\/2014\/06\/meisterhausFeininger.jpg\"><img loading=\"lazy\" decoding=\"async\" class=\"aligncenter size-full wp-image-2066\" src=\"http:\/\/www.maxschoenherr.de\/clock\/wp-content\/uploads\/2014\/06\/meisterhausFeininger.jpg\" alt=\"meisterhausFeininger\" width=\"400\" height=\"369\" srcset=\"https:\/\/www.maxschoenherr.de\/clock\/wp-content\/uploads\/2014\/06\/meisterhausFeininger.jpg 400w, https:\/\/www.maxschoenherr.de\/clock\/wp-content\/uploads\/2014\/06\/meisterhausFeininger-300x276.jpg 300w\" sizes=\"auto, (max-width: 400px) 100vw, 400px\" \/><\/a><em>meisterhaus 2. hier wohnte lyonel feininger. foto: hans weingarz, <\/em><em>2004<\/em>. <em>wiki commons<\/em><\/p>\n<p style=\"text-align: justify;\">interessant, was baulich danach mit den \u00fcber die stadt verteilten geb\u00e4uden geschah. die elite der neuen junkers-werke liebte die meisterh\u00e4user, die die nazis eigentlich abrei\u00dfen wollten, und zogen mit ihren familien ein. das hauptgeb\u00e4ude der akademie sollte ebenfalls abgerissen werden, diente der NSDAP dann aber f\u00fcr schulungen. der bauhaus-schriftzug wurde selbstverst\u00e4ndlich entfernt, zahlreiche w\u00e4nde eingezogen, das stets defekte flachdach durch dachschr\u00e4gen ersetzt. bei den <em>meisterh\u00e4usern<\/em> flogen die gro\u00dfen fenster raus und wurden durch kleinere ersetzt. zu DDR-zeiten wurden die fenster nochmal kleiner. erst nach der wende ging man die restaurierung ernsthaft an, massiv unterst\u00fctzt durch die gelder der unesco, die das ganze areal zum kulturerbe erkl\u00e4rte.<\/p>\n<p style=\"text-align: justify;\">ein jetzt anl\u00e4sslich der fertigstellung erschienenes buch (&#8222;dessau \u2013 moderne zerst\u00f6rt&#8220;) weist darauf hin, dass man nicht vorgehabt habe, den mythos bauhaus durch eine naturgetreue restauration neu aufleben zu lassen. im gegenteil: es fehlen die innenausstattungen und viele urspr\u00fcnglich existierende w\u00e4nde und t\u00fcren. der besucher wird auf eine rohform zur\u00fcckgeworfen, die es so gar nicht gab.<\/p>\n<p>wie problematisch der mythos ist, sieht man schon daran, dass zwar die bauhaus-urv\u00e4ter emigrierten oder stillhielten, ein nicht unwesentlicher teil der im bauhaus ausgebildeten architekten aber unter den nazis karriere machte: <a title=\"fritz ertl in der wikipedia\" href=\"https:\/\/de.wikipedia.org\/wiki\/Fritz_Ertl\" target=\"_blank\">fritz ertl<\/a> etwa errichtete nach bauhaus-kriterien das <a title=\"KZ auschwitz in der wikipedia\" href=\"https:\/\/de.wikipedia.org\/wiki\/KZ_Auschwitz\" target=\"_blank\">vernichtungslager auschwitz<\/a>.<\/p>\n","protected":false},"excerpt":{"rendered":"<p>2014 restauriertes bauhaus-zentralgeb\u00e4ude. foto: m.s. die bauhaus-idee begann kurz nach dem ersten weltkrieg in weimar, startete dann in den 1920er jahren in dessau durch und endete abrupt ebenda 1932. \u2192\u00a0bauhaus in dessau. wie kam es \u00fcberhaupt dazu, dass in einer kleinen industriestadt eine derma\u00dfen progressive kunstakademie entstand? welches flair des aufbruchs musste da geherrscht haben, [&hellip;]<\/p>\n","protected":false},"author":2,"featured_media":0,"comment_status":"closed","ping_status":"open","sticky":false,"template":"","format":"standard","meta":{"footnotes":""},"categories":[1,248],"tags":[704,703,89,705,477,706],"class_list":["post-2064","post","type-post","status-publish","format-standard","hentry","category-allgemein","category-historisches","tag-architektur","tag-bauhaus","tag-industriedesign","tag-junkers","tag-nazis","tag-ruestungsindustrie"],"wp-worthy-pixel":{"ignored":false,"public":"14b60a6ee6294590bf87b93a86b10708","server":"vg01.met.vgwort.de","url":"https:\/\/vg01.met.vgwort.de\/na\/14b60a6ee6294590bf87b93a86b10708"},"wp-worthy-type":"normal","_links":{"self":[{"href":"https:\/\/www.maxschoenherr.de\/clock\/wp-json\/wp\/v2\/posts\/2064","targetHints":{"allow":["GET"]}}],"collection":[{"href":"https:\/\/www.maxschoenherr.de\/clock\/wp-json\/wp\/v2\/posts"}],"about":[{"href":"https:\/\/www.maxschoenherr.de\/clock\/wp-json\/wp\/v2\/types\/post"}],"author":[{"embeddable":true,"href":"https:\/\/www.maxschoenherr.de\/clock\/wp-json\/wp\/v2\/users\/2"}],"replies":[{"embeddable":true,"href":"https:\/\/www.maxschoenherr.de\/clock\/wp-json\/wp\/v2\/comments?post=2064"}],"version-history":[{"count":14,"href":"https:\/\/www.maxschoenherr.de\/clock\/wp-json\/wp\/v2\/posts\/2064\/revisions"}],"predecessor-version":[{"id":2080,"href":"https:\/\/www.maxschoenherr.de\/clock\/wp-json\/wp\/v2\/posts\/2064\/revisions\/2080"}],"wp:attachment":[{"href":"https:\/\/www.maxschoenherr.de\/clock\/wp-json\/wp\/v2\/media?parent=2064"}],"wp:term":[{"taxonomy":"category","embeddable":true,"href":"https:\/\/www.maxschoenherr.de\/clock\/wp-json\/wp\/v2\/categories?post=2064"},{"taxonomy":"post_tag","embeddable":true,"href":"https:\/\/www.maxschoenherr.de\/clock\/wp-json\/wp\/v2\/tags?post=2064"}],"curies":[{"name":"wp","href":"https:\/\/api.w.org\/{rel}","templated":true}]}}