{"id":177,"date":"2013-08-07T01:07:59","date_gmt":"2013-08-06T23:07:59","guid":{"rendered":"http:\/\/www.maxschoenherr.de\/clock\/?p=177"},"modified":"2013-08-08T15:05:01","modified_gmt":"2013-08-08T13:05:01","slug":"ernst-ehrwald-wesen-des-bodens","status":"publish","type":"post","link":"https:\/\/www.maxschoenherr.de\/clock\/ernst-ehrwald-wesen-des-bodens\/","title":{"rendered":"ernst ehwald, &#8222;wesen des bodens&#8220;"},"content":{"rendered":"<p><a href=\"http:\/\/www.maxschoenherr.de\/clock\/wp-content\/uploads\/2013\/08\/Ernst-Ehwald-1951.jpg\"><img loading=\"lazy\" decoding=\"async\" class=\"aligncenter\" alt=\"Ernst-Ehwald-1951\" src=\"http:\/\/www.maxschoenherr.de\/clock\/wp-content\/uploads\/2013\/08\/Ernst-Ehwald-1951-215x300.jpg\" width=\"215\" height=\"300\" \/><\/a><\/p>\n<p>der vater meiner kollegin elisabeth panknin, ernst ehwald, w\u00e4re jetzt 100 jahre alt geworden. sie fand den <a title=\"wiki \u00fcber ernst ehwald\" href=\"http:\/\/de.wikipedia.org\/w\/index.php?title=Ernst_Ehwald&amp;oldid=114545992\" target=\"_blank\">wikipediaartikel<\/a> \u00fcber ihn ungerecht und fragte mich, ob ich mich der sache annehmen k\u00f6nnte. die diffamierung war mir nicht so offensichtlich, aber es stimmte, dass die lebensdaten zwei wichtige dinge unterschlugen: ernst ehwald war einer der f\u00fchrenden bodenkundler seiner zeit und kein beliebiger NS- und DDR-mitl\u00e4ufer. au\u00dferdem hat ihn die DDR 1970 wegen angeblicher b\u00fcrgerlicher tendenzen (ehwald besch\u00e4ftigte in seinem institut kaum menschen mit SED-parteibuch, und er betrieb grundlagenforschung, statt angewandte) degradiert und in eine unbedeutende position an der humboldt-universit\u00e4t abgeschoben.<\/p>\n<p>also setzten wir zusammen diese fakten in den artikel, und jetzt liest er sich schon <a title=\"wiki ernst ehwald\" href=\"http:\/\/de.wikipedia.org\/wiki\/Ernst_Ehwald\" target=\"_blank\">ausgewogener<\/a>. und zwei tage sp\u00e4ter bekam der artikel sogar ein foto, aus elisabeths privatbestand.<\/p>\n<p>&nbsp;<\/p>\n","protected":false},"excerpt":{"rendered":"<p>der vater meiner kollegin elisabeth panknin, ernst ehwald, w\u00e4re jetzt 100 jahre alt geworden. sie fand den wikipediaartikel \u00fcber ihn ungerecht und fragte mich, ob ich mich der sache annehmen k\u00f6nnte. die diffamierung war mir nicht so offensichtlich, aber es stimmte, dass die lebensdaten zwei wichtige dinge unterschlugen: ernst ehwald war einer der f\u00fchrenden bodenkundler [&hellip;]<\/p>\n","protected":false},"author":2,"featured_media":0,"comment_status":"closed","ping_status":"open","sticky":false,"template":"","format":"standard","meta":{"footnotes":""},"categories":[1],"tags":[],"class_list":["post-177","post","type-post","status-publish","format-standard","hentry","category-allgemein"],"wp-worthy-pixel":{"ignored":false,"public":null,"server":null,"url":null},"wp-worthy-type":"normal","_links":{"self":[{"href":"https:\/\/www.maxschoenherr.de\/clock\/wp-json\/wp\/v2\/posts\/177","targetHints":{"allow":["GET"]}}],"collection":[{"href":"https:\/\/www.maxschoenherr.de\/clock\/wp-json\/wp\/v2\/posts"}],"about":[{"href":"https:\/\/www.maxschoenherr.de\/clock\/wp-json\/wp\/v2\/types\/post"}],"author":[{"embeddable":true,"href":"https:\/\/www.maxschoenherr.de\/clock\/wp-json\/wp\/v2\/users\/2"}],"replies":[{"embeddable":true,"href":"https:\/\/www.maxschoenherr.de\/clock\/wp-json\/wp\/v2\/comments?post=177"}],"version-history":[{"count":11,"href":"https:\/\/www.maxschoenherr.de\/clock\/wp-json\/wp\/v2\/posts\/177\/revisions"}],"predecessor-version":[{"id":193,"href":"https:\/\/www.maxschoenherr.de\/clock\/wp-json\/wp\/v2\/posts\/177\/revisions\/193"}],"wp:attachment":[{"href":"https:\/\/www.maxschoenherr.de\/clock\/wp-json\/wp\/v2\/media?parent=177"}],"wp:term":[{"taxonomy":"category","embeddable":true,"href":"https:\/\/www.maxschoenherr.de\/clock\/wp-json\/wp\/v2\/categories?post=177"},{"taxonomy":"post_tag","embeddable":true,"href":"https:\/\/www.maxschoenherr.de\/clock\/wp-json\/wp\/v2\/tags?post=177"}],"curies":[{"name":"wp","href":"https:\/\/api.w.org\/{rel}","templated":true}]}}