{"id":14548,"date":"2026-09-02T18:19:14","date_gmt":"2026-09-02T16:19:14","guid":{"rendered":"https:\/\/www.maxschoenherr.de\/clock\/?p=14548"},"modified":"2026-09-02T18:19:14","modified_gmt":"2026-09-02T16:19:14","slug":"einstein-1941","status":"publish","type":"post","link":"https:\/\/www.maxschoenherr.de\/clock\/einstein-1941\/","title":{"rendered":"einstein | 1941"},"content":{"rendered":"<div class=\"wp-block-image\">\n<figure class=\"aligncenter size-full\"><img loading=\"lazy\" decoding=\"async\" width=\"509\" height=\"454\" src=\"https:\/\/www.maxschoenherr.de\/clock\/wp-content\/uploads\/2026\/09\/einstein1941.jpg\" alt=\"\" class=\"wp-image-14549\" srcset=\"https:\/\/www.maxschoenherr.de\/clock\/wp-content\/uploads\/2026\/09\/einstein1941.jpg 509w, https:\/\/www.maxschoenherr.de\/clock\/wp-content\/uploads\/2026\/09\/einstein1941-300x268.jpg 300w\" sizes=\"auto, (max-width: 509px) 100vw, 509px\" \/><figcaption class=\"wp-element-caption\"><em>Oberbergischer Bote vom 6. Januar 1941<\/em><\/figcaption><\/figure>\n<\/div>\n\n\n<p class=\"has-text-align-left wp-block-paragraph\">albert einstein war den nazis ein dorn im auge. sie mochten ihn nicht, weil er jude und noch dazu ber\u00fchmt war. sie verstanden seine relativit\u00e4tstheorien nicht. die zeitung oberbergischer bote nannte ihn einen &#8222;j\u00fcdischen astralstrolch&#8220;. einstein wird in der NS-presse immer wieder mal erw\u00e4hnt und nat\u00fcrlich diffamiert. zweites beispiel:<\/p>\n\n\n<div class=\"wp-block-image\">\n<figure class=\"aligncenter size-full\"><img loading=\"lazy\" decoding=\"async\" width=\"500\" height=\"534\" src=\"https:\/\/www.maxschoenherr.de\/clock\/wp-content\/uploads\/2026\/09\/einstein1941_b.jpg\" alt=\"\" class=\"wp-image-14550\" srcset=\"https:\/\/www.maxschoenherr.de\/clock\/wp-content\/uploads\/2026\/09\/einstein1941_b.jpg 500w, https:\/\/www.maxschoenherr.de\/clock\/wp-content\/uploads\/2026\/09\/einstein1941_b-281x300.jpg 281w\" sizes=\"auto, (max-width: 500px) 100vw, 500px\" \/><figcaption class=\"wp-element-caption\"><em>Tremonia \/ Ausgabe D 67 vom 30. Januar 1942<\/em><\/figcaption><\/figure>\n<\/div>\n\n\n<p class=\"has-text-align-left wp-block-paragraph\">tremonia war eine katholische zeitung aus hagen, die in ihrem bericht \u00fcber einen vortrag eines &#8222;professor dr. b\u00fchl&#8220; in der volksbildungsst\u00e4tte hagen eine hasstirade auf einstein losl\u00e4sst:<\/p>\n\n\n\n<p class=\"has-text-align-left wp-block-paragraph\">&#8222;ein ersch\u00fctternd komisches beispiel f\u00fcr die j\u00fcdische unf\u00e4hgikeit, planvolle forschung auf gewordenen erkenntnissen zu treiben, ist albert einstein, der mit j\u00fcdischer reklame zum universalgenie gestempelt wurde, das alle r\u00e4tsel gel\u00f6st hatte. seine relativit\u00e4tstheorie stellte \u2013 mit echt j\u00fcdischen umsturzabsichten zur erreichung der herrschaft auf allen gebieten \u2013 mit hilfe mathematischer <a href=\"https:\/\/de.wikipedia.org\/wiki\/Rabulistik\">rabulisitik<\/a> alle begriffe von zeit und raum auf den kopf.&#8220; <\/p>\n\n\n\n<p class=\"wp-block-paragraph\"><\/p>\n","protected":false},"excerpt":{"rendered":"<p>albert einstein war den nazis ein dorn im auge. sie mochten ihn nicht, weil er jude und noch dazu ber\u00fchmt war. sie verstanden seine relativit\u00e4tstheorien nicht. die zeitung oberbergischer bote nannte ihn einen &#8222;j\u00fcdischen astralstrolch&#8220;. einstein wird in der NS-presse immer wieder mal erw\u00e4hnt und nat\u00fcrlich diffamiert. zweites beispiel: tremonia war eine katholische zeitung aus [&hellip;]<\/p>\n","protected":false},"author":2,"featured_media":0,"comment_status":"closed","ping_status":"closed","sticky":false,"template":"","format":"standard","meta":{"footnotes":""},"categories":[1],"tags":[],"class_list":["post-14548","post","type-post","status-publish","format-standard","hentry","category-allgemein"],"wp-worthy-pixel":{"ignored":false,"public":null,"server":null,"url":null},"wp-worthy-type":"normal","_links":{"self":[{"href":"https:\/\/www.maxschoenherr.de\/clock\/wp-json\/wp\/v2\/posts\/14548","targetHints":{"allow":["GET"]}}],"collection":[{"href":"https:\/\/www.maxschoenherr.de\/clock\/wp-json\/wp\/v2\/posts"}],"about":[{"href":"https:\/\/www.maxschoenherr.de\/clock\/wp-json\/wp\/v2\/types\/post"}],"author":[{"embeddable":true,"href":"https:\/\/www.maxschoenherr.de\/clock\/wp-json\/wp\/v2\/users\/2"}],"replies":[{"embeddable":true,"href":"https:\/\/www.maxschoenherr.de\/clock\/wp-json\/wp\/v2\/comments?post=14548"}],"version-history":[{"count":1,"href":"https:\/\/www.maxschoenherr.de\/clock\/wp-json\/wp\/v2\/posts\/14548\/revisions"}],"predecessor-version":[{"id":14551,"href":"https:\/\/www.maxschoenherr.de\/clock\/wp-json\/wp\/v2\/posts\/14548\/revisions\/14551"}],"wp:attachment":[{"href":"https:\/\/www.maxschoenherr.de\/clock\/wp-json\/wp\/v2\/media?parent=14548"}],"wp:term":[{"taxonomy":"category","embeddable":true,"href":"https:\/\/www.maxschoenherr.de\/clock\/wp-json\/wp\/v2\/categories?post=14548"},{"taxonomy":"post_tag","embeddable":true,"href":"https:\/\/www.maxschoenherr.de\/clock\/wp-json\/wp\/v2\/tags?post=14548"}],"curies":[{"name":"wp","href":"https:\/\/api.w.org\/{rel}","templated":true}]}}