{"id":14271,"date":"2026-03-07T11:46:07","date_gmt":"2026-03-07T09:46:07","guid":{"rendered":"https:\/\/www.maxschoenherr.de\/clock\/?p=14271"},"modified":"2026-03-15T12:16:00","modified_gmt":"2026-03-15T10:16:00","slug":"krieg-jazz-rock","status":"publish","type":"post","link":"https:\/\/www.maxschoenherr.de\/clock\/krieg-jazz-rock\/","title":{"rendered":"krieg | jazz rock"},"content":{"rendered":"<div class=\"wp-block-image\">\n<figure class=\"aligncenter size-large is-resized\"><img loading=\"lazy\" decoding=\"async\" width=\"768\" height=\"1024\" src=\"https:\/\/www.maxschoenherr.de\/clock\/wp-content\/uploads\/2026\/03\/IMG_6042-768x1024.jpeg\" alt=\"\" class=\"wp-image-14272\" style=\"width:600px\" srcset=\"https:\/\/www.maxschoenherr.de\/clock\/wp-content\/uploads\/2026\/03\/IMG_6042-768x1024.jpeg 768w, https:\/\/www.maxschoenherr.de\/clock\/wp-content\/uploads\/2026\/03\/IMG_6042-225x300.jpeg 225w, https:\/\/www.maxschoenherr.de\/clock\/wp-content\/uploads\/2026\/03\/IMG_6042-1152x1536.jpeg 1152w, https:\/\/www.maxschoenherr.de\/clock\/wp-content\/uploads\/2026\/03\/IMG_6042-1536x2048.jpeg 1536w, https:\/\/www.maxschoenherr.de\/clock\/wp-content\/uploads\/2026\/03\/IMG_6042-scaled.jpeg 1920w\" sizes=\"auto, (max-width: 768px) 100vw, 768px\" \/><\/figure>\n<\/div>\n\n\n<p class=\"has-text-align-left\">in den sp\u00e4ten 1970er jahren spielte ich in einer jazz-rock band in m\u00fcnchen. wir f\u00fcnf musik-affine jungs hatten wenig ahnung, kannten aber unsere instrumente gut und waren hoch motiviert. der name der band war ungeschickt improvisiert gewesen: <em>peter silly band<\/em> \u2014 mit petersilie als hintergedanken, einem kraut der mainstream-k\u00fcche.<\/p>\n\n\n\n<p class=\"has-text-align-left\">stefan am bass, reinhard am schlagzeug, hubo an der e-gitarre, martin am saxofon. ich spielte ein schweres e-piano (fender rhodes) und sang. was sollte ich denn f\u00fcr texte singen? der freund und kollege <a href=\"https:\/\/de.wikipedia.org\/wiki\/Thomas_Palzer\">thomas palzer<\/a> lieferte einige. ich kaufte in london\u2019s charing cross road das oben abgebildete buch. es war 1972 erschienen und versammelte gedichte \u00fcber den zweiten weltkrieg. auch wenn ich vieles nicht verstand, ich verstand den grundton der texte und nahm einige davon in die band mit. dass ich sie dann auch noch sang, h\u00f6rt sich heute nicht gut an. die musik war mit verve, aber ziemlich untight gespielt, was uns damals nicht auffiel. ich solperte gesangsm\u00e4\u00dfig durch die kriegstexte. von copyright hatten wir eh keine ahnung.<\/p>\n\n\n\n<p class=\"has-text-align-left\">1980 hatten wir erfahrung f\u00fcr etwas neues gesammelt. drei kernmitglieder gr\u00fcndeten eine new wave band mit dem sperrigen namen <a href=\"https:\/\/www.christian-schneiderbauer.de\/musikalische-wurzeln\/k-rot-extra\/\">k. rot extra<\/a>. die englischen kriegsgedichte wichen deutschen texten, die von uns selbst geschrieben wurden. stra\u00dfenkampf, pirouetten, schwarze milch etc.<\/p>\n\n\n\n<p><\/p>\n","protected":false},"excerpt":{"rendered":"<p>in den sp\u00e4ten 1970er jahren spielte ich in einer jazz-rock band in m\u00fcnchen. wir f\u00fcnf musik-affine jungs hatten wenig ahnung, kannten aber unsere instrumente gut und waren hoch motiviert. der name der band war ungeschickt improvisiert gewesen: peter silly band \u2014 mit petersilie als hintergedanken, einem kraut der mainstream-k\u00fcche. stefan am bass, reinhard am schlagzeug, [&hellip;]<\/p>\n","protected":false},"author":2,"featured_media":0,"comment_status":"closed","ping_status":"closed","sticky":false,"template":"","format":"standard","meta":{"footnotes":""},"categories":[1],"tags":[],"class_list":["post-14271","post","type-post","status-publish","format-standard","hentry","category-allgemein"],"wp-worthy-pixel":{"ignored":false,"public":null,"server":null,"url":null},"wp-worthy-type":"normal","_links":{"self":[{"href":"https:\/\/www.maxschoenherr.de\/clock\/wp-json\/wp\/v2\/posts\/14271","targetHints":{"allow":["GET"]}}],"collection":[{"href":"https:\/\/www.maxschoenherr.de\/clock\/wp-json\/wp\/v2\/posts"}],"about":[{"href":"https:\/\/www.maxschoenherr.de\/clock\/wp-json\/wp\/v2\/types\/post"}],"author":[{"embeddable":true,"href":"https:\/\/www.maxschoenherr.de\/clock\/wp-json\/wp\/v2\/users\/2"}],"replies":[{"embeddable":true,"href":"https:\/\/www.maxschoenherr.de\/clock\/wp-json\/wp\/v2\/comments?post=14271"}],"version-history":[{"count":2,"href":"https:\/\/www.maxschoenherr.de\/clock\/wp-json\/wp\/v2\/posts\/14271\/revisions"}],"predecessor-version":[{"id":14290,"href":"https:\/\/www.maxschoenherr.de\/clock\/wp-json\/wp\/v2\/posts\/14271\/revisions\/14290"}],"wp:attachment":[{"href":"https:\/\/www.maxschoenherr.de\/clock\/wp-json\/wp\/v2\/media?parent=14271"}],"wp:term":[{"taxonomy":"category","embeddable":true,"href":"https:\/\/www.maxschoenherr.de\/clock\/wp-json\/wp\/v2\/categories?post=14271"},{"taxonomy":"post_tag","embeddable":true,"href":"https:\/\/www.maxschoenherr.de\/clock\/wp-json\/wp\/v2\/tags?post=14271"}],"curies":[{"name":"wp","href":"https:\/\/api.w.org\/{rel}","templated":true}]}}