{"id":1404,"date":"2014-05-18T01:58:33","date_gmt":"2014-05-17T23:58:33","guid":{"rendered":"http:\/\/www.maxschoenherr.de\/clock\/?p=1404"},"modified":"2014-05-18T01:59:11","modified_gmt":"2014-05-17T23:59:11","slug":"gute-strassen-besser-als-freie-presse-hitler-1937","status":"publish","type":"post","link":"https:\/\/www.maxschoenherr.de\/clock\/gute-strassen-besser-als-freie-presse-hitler-1937\/","title":{"rendered":"gute stra\u00dfen besser als freie presse | hitler 1937"},"content":{"rendered":"<p><a href=\"http:\/\/www.maxschoenherr.de\/clock\/wp-content\/uploads\/2014\/05\/hitler-guteStra\u00dfenStattFreiePresse.jpg\"><img loading=\"lazy\" decoding=\"async\" class=\"aligncenter size-full wp-image-1405\" src=\"http:\/\/www.maxschoenherr.de\/clock\/wp-content\/uploads\/2014\/05\/hitler-guteStra\u00dfenStattFreiePresse.jpg\" alt=\"hitler-guteStra\u00dfenStattFreiePresse\" width=\"516\" height=\"374\" srcset=\"https:\/\/www.maxschoenherr.de\/clock\/wp-content\/uploads\/2014\/05\/hitler-guteStra\u00dfenStattFreiePresse.jpg 516w, https:\/\/www.maxschoenherr.de\/clock\/wp-content\/uploads\/2014\/05\/hitler-guteStra\u00dfenStattFreiePresse-300x217.jpg 300w\" sizes=\"auto, (max-width: 516px) 100vw, 516px\" \/><\/a><\/p>\n<p style=\"text-align: center;\"><em><span style=\"color: #000000;\">motor-cars for the masses. the t<\/span>imes<span style=\"color: #000000;\">\u00a020. dezember 1937<\/span><\/em><\/p>\n<p style=\"text-align: justify;\">auf der suche nach dem ersten auftreten des worts &#8222;volkswagen&#8220; in der londoner times fand ich diesen artikel. hitler k\u00fcndigt den wagen f\u00fcrs volk an und unterstreicht, dass man dazu gute stra\u00dfen braucht. aus dem wagen f\u00fcrs volk wurde bekanntlich ein wagen f\u00fcrs milit\u00e4r, und aus den stra\u00dfen panzerstra\u00dfen. bemerkenswert und wenig bekannt ist hitlers vergleich der stra\u00dfen mit der presse. wenn ich mal aus dem englischen zur\u00fcck\u00fcbersetze:<\/p>\n<p style=\"text-align: justify;\">&#8222;hervorragende stra\u00dfen sind ein besserer beweis f\u00fcr die zivilisiertheit einer nation als die so genannte freiheit der presse, t\u00e4glich zu kritisieren und zu l\u00fcgen.&#8220;<\/p>\n","protected":false},"excerpt":{"rendered":"<p>motor-cars for the masses. the times\u00a020. dezember 1937 auf der suche nach dem ersten auftreten des worts &#8222;volkswagen&#8220; in der londoner times fand ich diesen artikel. hitler k\u00fcndigt den wagen f\u00fcrs volk an und unterstreicht, dass man dazu gute stra\u00dfen braucht. aus dem wagen f\u00fcrs volk wurde bekanntlich ein wagen f\u00fcrs milit\u00e4r, und aus den [&hellip;]<\/p>\n","protected":false},"author":2,"featured_media":0,"comment_status":"closed","ping_status":"open","sticky":false,"template":"","format":"standard","meta":{"footnotes":""},"categories":[248],"tags":[598,597,271,595,596],"class_list":["post-1404","post","type-post","status-publish","format-standard","hentry","category-historisches","tag-aufruestung","tag-autobahnbau","tag-hitler","tag-pressefreiheit","tag-volkswagen"],"wp-worthy-pixel":{"ignored":false,"public":null,"server":null,"url":null},"wp-worthy-type":"normal","_links":{"self":[{"href":"https:\/\/www.maxschoenherr.de\/clock\/wp-json\/wp\/v2\/posts\/1404","targetHints":{"allow":["GET"]}}],"collection":[{"href":"https:\/\/www.maxschoenherr.de\/clock\/wp-json\/wp\/v2\/posts"}],"about":[{"href":"https:\/\/www.maxschoenherr.de\/clock\/wp-json\/wp\/v2\/types\/post"}],"author":[{"embeddable":true,"href":"https:\/\/www.maxschoenherr.de\/clock\/wp-json\/wp\/v2\/users\/2"}],"replies":[{"embeddable":true,"href":"https:\/\/www.maxschoenherr.de\/clock\/wp-json\/wp\/v2\/comments?post=1404"}],"version-history":[{"count":2,"href":"https:\/\/www.maxschoenherr.de\/clock\/wp-json\/wp\/v2\/posts\/1404\/revisions"}],"predecessor-version":[{"id":1407,"href":"https:\/\/www.maxschoenherr.de\/clock\/wp-json\/wp\/v2\/posts\/1404\/revisions\/1407"}],"wp:attachment":[{"href":"https:\/\/www.maxschoenherr.de\/clock\/wp-json\/wp\/v2\/media?parent=1404"}],"wp:term":[{"taxonomy":"category","embeddable":true,"href":"https:\/\/www.maxschoenherr.de\/clock\/wp-json\/wp\/v2\/categories?post=1404"},{"taxonomy":"post_tag","embeddable":true,"href":"https:\/\/www.maxschoenherr.de\/clock\/wp-json\/wp\/v2\/tags?post=1404"}],"curies":[{"name":"wp","href":"https:\/\/api.w.org\/{rel}","templated":true}]}}