{"id":1330,"date":"2014-05-14T00:28:37","date_gmt":"2014-05-13T22:28:37","guid":{"rendered":"http:\/\/www.maxschoenherr.de\/clock\/?p=1330"},"modified":"2014-05-14T00:28:37","modified_gmt":"2014-05-13T22:28:37","slug":"archive-sind-nicht-330-vortrag-auf-dem-forum-essay","status":"publish","type":"post","link":"https:\/\/www.maxschoenherr.de\/clock\/archive-sind-nicht-330-vortrag-auf-dem-forum-essay\/","title":{"rendered":"archive sind nicht 3&#8217;30 | vortrag auf dem forum essay"},"content":{"rendered":"<p style=\"text-align: center;\"><a href=\"http:\/\/www.maxschoenherr.de\/clock\/wp-content\/uploads\/2014\/05\/forum-essay-diskussionsrunde.jpg\"><img loading=\"lazy\" decoding=\"async\" class=\"aligncenter size-full wp-image-1331\" src=\"http:\/\/www.maxschoenherr.de\/clock\/wp-content\/uploads\/2014\/05\/forum-essay-diskussionsrunde.jpg\" alt=\"forum essay diskussionsrunde\" width=\"512\" height=\"288\" srcset=\"https:\/\/www.maxschoenherr.de\/clock\/wp-content\/uploads\/2014\/05\/forum-essay-diskussionsrunde.jpg 512w, https:\/\/www.maxschoenherr.de\/clock\/wp-content\/uploads\/2014\/05\/forum-essay-diskussionsrunde-300x168.jpg 300w\" sizes=\"auto, (max-width: 512px) 100vw, 512px\" \/><\/a><em>forum essay, schlussdiskussionsrunde. foto: BR<\/em><\/p>\n<p style=\"text-align: justify;\">am 8. mai hatte mich der bayerische rundfunk zu einem <a title=\"forum essay 2014 - webseite des bayerischen rundfunks\" href=\"http:\/\/www.br.de\/radio\/bayern2\/sendungen\/nachtstudio\/forum-essay-2014-dokumentation-100.html\" target=\"_blank\">symposium \u00fcber dokumentar-o-t\u00f6ne im h\u00f6rfunk<\/a> eingeladen. grund waren zwei dokumentar-features im WDR (<em>stammheim-b\u00e4nder<\/em> und <em>fallbeil f\u00fcr g\u00e4nsebl\u00fcmchen<\/em>).<\/p>\n<p style=\"text-align: justify;\">ich schmiss den geplanten vortrag kurz zuvor um, weil mir die frage der 21j\u00e4hrigen bekannten meiner tochter nicht aus dem kopf ging. sie wollte nach einem besuch im deutschlandfunk von mir wissen, warum eigentlich jede stunde nachrichten kommen, wo sich sowieso kaum was \u00e4ndert?<\/p>\n<p style=\"text-align: justify;\">mein vortrag beginnt mit dieser frage und stellt dann das ganze konzept der stundentaktung im \u00f6ffentlich-rechtlichen rundfunk infrage. danach komme ich zur durchh\u00f6rbarkeit, also zum formatradio, und schlie\u00dflich zu den archiv-o-t\u00f6nen, die ich seit 2007 im <a title=\"archivradio - der stream im swr\" href=\"http:\/\/www.swr.de\/swr2\/archivradio\" target=\"_blank\">archivradio<\/a> ohne r\u00fccksicht auf vorgegebene l\u00e4ngen und formate streamen kann. f\u00fcr mich eine gro\u00dfe befreiung.<\/p>\n<p style=\"text-align: justify;\">eigentlich ist das ganze ein pl\u00e4doyer f\u00fcr die alte forderung: die form muss dem inhalt folgen, nicht umgekehrt.<\/p>\n<p style=\"text-align: justify;\">der veranstalter, martin zeyn, hat mir \u00fcbrigens gegen ende des vortrags explizit erlaubt, zu \u00fcberziehen, sodass ich erst nach \u00fcber einer halben stunde fertig bin ;-)<\/p>\n<p style=\"text-align: center;\"><iframe loading=\"lazy\" src=\"\/\/www.youtube.com\/embed\/6GglsJy8MXk\" width=\"640\" height=\"360\" frameborder=\"0\" allowfullscreen=\"allowfullscreen\"><\/iframe><\/p>\n<p style=\"text-align: center;\"><em>archive sind nicht 3&#8217;30<\/em><\/p>\n","protected":false},"excerpt":{"rendered":"<p>forum essay, schlussdiskussionsrunde. foto: BR am 8. mai hatte mich der bayerische rundfunk zu einem symposium \u00fcber dokumentar-o-t\u00f6ne im h\u00f6rfunk eingeladen. grund waren zwei dokumentar-features im WDR (stammheim-b\u00e4nder und fallbeil f\u00fcr g\u00e4nsebl\u00fcmchen). ich schmiss den geplanten vortrag kurz zuvor um, weil mir die frage der 21j\u00e4hrigen bekannten meiner tochter nicht aus dem kopf ging. sie [&hellip;]<\/p>\n","protected":false},"author":2,"featured_media":0,"comment_status":"closed","ping_status":"open","sticky":false,"template":"","format":"standard","meta":{"footnotes":""},"categories":[1,4],"tags":[585,579,581,576,582,577,578,580,349,584,583],"class_list":["post-1330","post","type-post","status-publish","format-standard","hentry","category-allgemein","category-dramolette","tag-archivradio","tag-durchhoerbarkeit","tag-form-follows-function","tag-formatradio","tag-inhalt-bestimmt-form","tag-medientheorie","tag-musicmaster","tag-nachrichtenschema","tag-o-ton","tag-stundenfeature","tag-taktung"],"wp-worthy-pixel":{"ignored":false,"public":null,"server":null,"url":null},"wp-worthy-type":"normal","_links":{"self":[{"href":"https:\/\/www.maxschoenherr.de\/clock\/wp-json\/wp\/v2\/posts\/1330","targetHints":{"allow":["GET"]}}],"collection":[{"href":"https:\/\/www.maxschoenherr.de\/clock\/wp-json\/wp\/v2\/posts"}],"about":[{"href":"https:\/\/www.maxschoenherr.de\/clock\/wp-json\/wp\/v2\/types\/post"}],"author":[{"embeddable":true,"href":"https:\/\/www.maxschoenherr.de\/clock\/wp-json\/wp\/v2\/users\/2"}],"replies":[{"embeddable":true,"href":"https:\/\/www.maxschoenherr.de\/clock\/wp-json\/wp\/v2\/comments?post=1330"}],"version-history":[{"count":1,"href":"https:\/\/www.maxschoenherr.de\/clock\/wp-json\/wp\/v2\/posts\/1330\/revisions"}],"predecessor-version":[{"id":1332,"href":"https:\/\/www.maxschoenherr.de\/clock\/wp-json\/wp\/v2\/posts\/1330\/revisions\/1332"}],"wp:attachment":[{"href":"https:\/\/www.maxschoenherr.de\/clock\/wp-json\/wp\/v2\/media?parent=1330"}],"wp:term":[{"taxonomy":"category","embeddable":true,"href":"https:\/\/www.maxschoenherr.de\/clock\/wp-json\/wp\/v2\/categories?post=1330"},{"taxonomy":"post_tag","embeddable":true,"href":"https:\/\/www.maxschoenherr.de\/clock\/wp-json\/wp\/v2\/tags?post=1330"}],"curies":[{"name":"wp","href":"https:\/\/api.w.org\/{rel}","templated":true}]}}