{"id":13286,"date":"2024-01-30T02:26:30","date_gmt":"2024-01-30T00:26:30","guid":{"rendered":"https:\/\/www.maxschoenherr.de\/clock\/?p=13286"},"modified":"2024-02-01T17:38:00","modified_gmt":"2024-02-01T15:38:00","slug":"zug-von-muenster-nach-riga","status":"publish","type":"post","link":"https:\/\/www.maxschoenherr.de\/clock\/zug-von-muenster-nach-riga\/","title":{"rendered":"zug von m\u00fcnster | nach riga"},"content":{"rendered":"<div class=\"wp-block-image is-style-default\">\n<figure class=\"aligncenter size-large\"><img loading=\"lazy\" decoding=\"async\" width=\"998\" height=\"1024\" src=\"https:\/\/www.maxschoenherr.de\/clock\/wp-content\/uploads\/2024\/01\/IMG_3064-998x1024.jpeg\" alt=\"\" class=\"wp-image-13287\" srcset=\"https:\/\/www.maxschoenherr.de\/clock\/wp-content\/uploads\/2024\/01\/IMG_3064-998x1024.jpeg 998w, https:\/\/www.maxschoenherr.de\/clock\/wp-content\/uploads\/2024\/01\/IMG_3064-292x300.jpeg 292w, https:\/\/www.maxschoenherr.de\/clock\/wp-content\/uploads\/2024\/01\/IMG_3064-768x788.jpeg 768w, https:\/\/www.maxschoenherr.de\/clock\/wp-content\/uploads\/2024\/01\/IMG_3064-1497x1536.jpeg 1497w, https:\/\/www.maxschoenherr.de\/clock\/wp-content\/uploads\/2024\/01\/IMG_3064-1995x2048.jpeg 1995w\" sizes=\"auto, (max-width: 998px) 100vw, 998px\" \/><\/figure>\n<\/div>\n\n\n<p><\/p>\n\n\n\n<p class=\"has-text-align-left\">als am 13. dezember 1941 dieser zug von m\u00fcnster richtung riga abfuhr, schauten die menschen gar nicht gl\u00fccklich aus den fenstern. vorangegangen war etwas ungeheuerliches: bei b\u00fcrgern in bielefeld, m\u00fcnster, osnabr\u00fcck und den d\u00f6rfern dazwischen kam die polizei am 11. dezember in die wohnungen, forderte die menschen auf, das n\u00f6tigste zusammenzupacken (maximal 50 kg, keine wertsachen) und mitzukommen: in bielefeld in einen raum in der gastst\u00e4tte kyffh\u00e4user am kesselbrink, in m\u00fcnster unter anderem in den getrudenhof in der warendorfer stra\u00dfe. zwei tage sp\u00e4ter trieb die polizei  die menschen zum bahnhof. die bev\u00f6lkerung sah interessiert bis am\u00fcsiert zu, wie man fotos aus der zeit entnehmen kann \u2014 und dem kommentar auf der r\u00fcckseite dieses fotos:<\/p>\n\n\n\n<p><\/p>\n\n\n<div class=\"wp-block-image is-style-default\">\n<figure class=\"aligncenter size-large\"><img loading=\"lazy\" decoding=\"async\" width=\"1024\" height=\"670\" src=\"https:\/\/www.maxschoenherr.de\/clock\/wp-content\/uploads\/2024\/01\/IMG_3065-1024x670.jpeg\" alt=\"\" class=\"wp-image-13288\" srcset=\"https:\/\/www.maxschoenherr.de\/clock\/wp-content\/uploads\/2024\/01\/IMG_3065-1024x670.jpeg 1024w, https:\/\/www.maxschoenherr.de\/clock\/wp-content\/uploads\/2024\/01\/IMG_3065-300x196.jpeg 300w, https:\/\/www.maxschoenherr.de\/clock\/wp-content\/uploads\/2024\/01\/IMG_3065-768x503.jpeg 768w, https:\/\/www.maxschoenherr.de\/clock\/wp-content\/uploads\/2024\/01\/IMG_3065-1536x1006.jpeg 1536w, https:\/\/www.maxschoenherr.de\/clock\/wp-content\/uploads\/2024\/01\/IMG_3065-2048x1341.jpeg 2048w\" sizes=\"auto, (max-width: 1024px) 100vw, 1024px\" \/><figcaption class=\"wp-element-caption\"><em><a href=\"https:\/\/spurensuche-bielefeld.de\/spur\/georg-huebner-fotograf\/\">georg h\u00fcbners<\/a> kommentar zu seinem foto<\/em><\/figcaption><\/figure>\n<\/div>\n\n\n<p><\/p>\n\n\n\n<p class=\"has-text-align-left\">die gefangenen, vorwiegend menschen j\u00fcdischer abstammung, mussten die reise an die ostsee selber bezahlen. als der zug nach vier tagen in riga ankam, endete die deportation: sie kamen ins ghetto, einen streng abgegrenzten bereich der stadt, \u00fcberf\u00fcllt mit menschen. gehen auf dem b\u00fcrgersteig verboten. der war den bewachern vorbehalten. fast alle menschen im <a href=\"https:\/\/de.wikipedia.org\/wiki\/Ghetto_Riga\">rigaer ghetto<\/a> wurden in nahegelegenen w\u00e4ldern erschossen oder aufgeh\u00e4ngt.<\/p>\n\n\n\n<p class=\"has-text-align-left\">die \u201earischen\u201c daheimgebliebenen freuten sich unter anderem deswegen, weil sie ohne aufwand an neue besitzt\u00fcmer kamen. alles war vom finanzamt geregelt: wer die kohlen im keller abholen konnte, wer das besteck. die bankkonten wurden eingefroren \u2014 und blieben als geschenke an die bank bei der bank. und pl\u00f6tzlich gab es sch\u00f6ne freie wohnungen!<\/p>\n","protected":false},"excerpt":{"rendered":"<p>als am 13. dezember 1941 dieser zug von m\u00fcnster richtung riga abfuhr, schauten die menschen gar nicht gl\u00fccklich aus den fenstern. vorangegangen war etwas ungeheuerliches: bei b\u00fcrgern in bielefeld, m\u00fcnster, osnabr\u00fcck und den d\u00f6rfern dazwischen kam die polizei am 11. dezember in die wohnungen, forderte die menschen auf, das n\u00f6tigste zusammenzupacken (maximal 50 kg, keine [&hellip;]<\/p>\n","protected":false},"author":2,"featured_media":0,"comment_status":"closed","ping_status":"closed","sticky":false,"template":"","format":"standard","meta":{"footnotes":""},"categories":[1],"tags":[],"class_list":["post-13286","post","type-post","status-publish","format-standard","hentry","category-allgemein"],"wp-worthy-pixel":{"ignored":false,"public":null,"server":null,"url":null},"wp-worthy-type":"normal","_links":{"self":[{"href":"https:\/\/www.maxschoenherr.de\/clock\/wp-json\/wp\/v2\/posts\/13286","targetHints":{"allow":["GET"]}}],"collection":[{"href":"https:\/\/www.maxschoenherr.de\/clock\/wp-json\/wp\/v2\/posts"}],"about":[{"href":"https:\/\/www.maxschoenherr.de\/clock\/wp-json\/wp\/v2\/types\/post"}],"author":[{"embeddable":true,"href":"https:\/\/www.maxschoenherr.de\/clock\/wp-json\/wp\/v2\/users\/2"}],"replies":[{"embeddable":true,"href":"https:\/\/www.maxschoenherr.de\/clock\/wp-json\/wp\/v2\/comments?post=13286"}],"version-history":[{"count":5,"href":"https:\/\/www.maxschoenherr.de\/clock\/wp-json\/wp\/v2\/posts\/13286\/revisions"}],"predecessor-version":[{"id":13296,"href":"https:\/\/www.maxschoenherr.de\/clock\/wp-json\/wp\/v2\/posts\/13286\/revisions\/13296"}],"wp:attachment":[{"href":"https:\/\/www.maxschoenherr.de\/clock\/wp-json\/wp\/v2\/media?parent=13286"}],"wp:term":[{"taxonomy":"category","embeddable":true,"href":"https:\/\/www.maxschoenherr.de\/clock\/wp-json\/wp\/v2\/categories?post=13286"},{"taxonomy":"post_tag","embeddable":true,"href":"https:\/\/www.maxschoenherr.de\/clock\/wp-json\/wp\/v2\/tags?post=13286"}],"curies":[{"name":"wp","href":"https:\/\/api.w.org\/{rel}","templated":true}]}}