{"id":13170,"date":"2023-09-06T16:11:08","date_gmt":"2023-09-06T14:11:08","guid":{"rendered":"https:\/\/www.maxschoenherr.de\/clock\/?p=13170"},"modified":"2023-09-06T16:11:10","modified_gmt":"2023-09-06T14:11:10","slug":"carl-ludwig-reichert","status":"publish","type":"post","link":"https:\/\/www.maxschoenherr.de\/clock\/carl-ludwig-reichert\/","title":{"rendered":"carl-ludwig | reichert"},"content":{"rendered":"<div class=\"wp-block-image is-style-default\">\n<figure class=\"aligncenter size-medium is-resized\"><a href=\"https:\/\/www.maxschoenherr.de\/clock\/wp-content\/uploads\/2023\/09\/carl-ludwig.jpg\"><img decoding=\"async\" src=\"https:\/\/www.maxschoenherr.de\/clock\/wp-content\/uploads\/2023\/09\/carl-ludwig-300x296.jpg\" alt=\"\" class=\"wp-image-13171\" style=\"width:400px\" width=\"400\" srcset=\"https:\/\/www.maxschoenherr.de\/clock\/wp-content\/uploads\/2023\/09\/carl-ludwig-300x296.jpg 300w, https:\/\/www.maxschoenherr.de\/clock\/wp-content\/uploads\/2023\/09\/carl-ludwig.jpg 543w\" sizes=\"(max-width: 300px) 100vw, 300px\" \/><\/a><\/figure>\n<\/div>\n\n\n<p class=\"has-text-align-left\">anfang september 2023 starb \u2192 <a href=\"https:\/\/de.wikipedia.org\/wiki\/Carl-Ludwig_Reichert\">carl-ludwig reichert<\/a>. er war eine halbe generation \u00e4lter als ich. ihn habe ich das erste mal ca. 1975 erlebt, als er mit dem damaligen redaktionsleiter \u2192 <a href=\"https:\/\/www.br.de\/presse\/inhalt\/pressedossiers\/40-jahre-zuendfunk-126.html\">walter schricker<\/a> zur \u2192 <a href=\"https:\/\/de.wikipedia.org\/wiki\/Pop_Sunday\">pop sunday<\/a>-sitzung ins studio n\u00fcrnberg kam. carl-ludwig, damals um die 30, rauchte eine lange tonpfeife, hatte lange haare, eine dunklen taint mit leicht ins lila gehenden lippen und schaute spitzb\u00fcbisch in die runde junger autoren.<\/p>\n\n\n\n<p class=\"has-text-align-left\">ein paar jahre sp\u00e4ter, vielleicht 1978, ging ich auf eine seiner lesungen, irgendwo in der m\u00fcnchner t\u00fcrkenstra\u00dfe, obere etage. ich war gerade nach m\u00fcnchen gezogen. wenn carl-ludwig las (oder den \u2192 <a href=\"https:\/\/de.wikipedia.org\/wiki\/Z%C3%BCndfunk#Anf%C3%A4nge\">club 16 im z\u00fcndfunk<\/a> moderierte), war er f\u00fcr mich oft nicht gut zu verstehen, wegen des sehr bayerischen tonfalls.<\/p>\n\n\n\n<p class=\"has-text-align-left\">auftritten seiner band \u2192 <a href=\"https:\/\/de.wikipedia.org\/wiki\/Sparifankal\">sparifankal<\/a> konnte ich nur schwer folgen, wegen der zutiefst bayerischen texte, die carl-ludwig mit seiner hohen singstimme zur gitarre ins mikro jammerte. rock-avantgarde, kompromisslos.<\/p>\n\n\n\n<p class=\"has-text-align-left\">wir liefen uns oft \u00fcber den weg, in der z\u00fcndfunkredaktion des BR. und blieben auch, nachdem ich nach k\u00f6ln umzog, lose in kontakt. ein typischer 68er, nie eitel und immer sympathisch.<\/p>\n","protected":false},"excerpt":{"rendered":"<p>anfang september 2023 starb \u2192 carl-ludwig reichert. er war eine halbe generation \u00e4lter als ich. ihn habe ich das erste mal ca. 1975 erlebt, als er mit dem damaligen redaktionsleiter \u2192 walter schricker zur \u2192 pop sunday-sitzung ins studio n\u00fcrnberg kam. carl-ludwig, damals um die 30, rauchte eine lange tonpfeife, hatte lange haare, eine dunklen [&hellip;]<\/p>\n","protected":false},"author":2,"featured_media":0,"comment_status":"closed","ping_status":"closed","sticky":false,"template":"","format":"standard","meta":{"footnotes":""},"categories":[1],"tags":[],"class_list":["post-13170","post","type-post","status-publish","format-standard","hentry","category-allgemein"],"wp-worthy-pixel":{"ignored":false,"public":null,"server":null,"url":null},"wp-worthy-type":"normal","_links":{"self":[{"href":"https:\/\/www.maxschoenherr.de\/clock\/wp-json\/wp\/v2\/posts\/13170","targetHints":{"allow":["GET"]}}],"collection":[{"href":"https:\/\/www.maxschoenherr.de\/clock\/wp-json\/wp\/v2\/posts"}],"about":[{"href":"https:\/\/www.maxschoenherr.de\/clock\/wp-json\/wp\/v2\/types\/post"}],"author":[{"embeddable":true,"href":"https:\/\/www.maxschoenherr.de\/clock\/wp-json\/wp\/v2\/users\/2"}],"replies":[{"embeddable":true,"href":"https:\/\/www.maxschoenherr.de\/clock\/wp-json\/wp\/v2\/comments?post=13170"}],"version-history":[{"count":1,"href":"https:\/\/www.maxschoenherr.de\/clock\/wp-json\/wp\/v2\/posts\/13170\/revisions"}],"predecessor-version":[{"id":13172,"href":"https:\/\/www.maxschoenherr.de\/clock\/wp-json\/wp\/v2\/posts\/13170\/revisions\/13172"}],"wp:attachment":[{"href":"https:\/\/www.maxschoenherr.de\/clock\/wp-json\/wp\/v2\/media?parent=13170"}],"wp:term":[{"taxonomy":"category","embeddable":true,"href":"https:\/\/www.maxschoenherr.de\/clock\/wp-json\/wp\/v2\/categories?post=13170"},{"taxonomy":"post_tag","embeddable":true,"href":"https:\/\/www.maxschoenherr.de\/clock\/wp-json\/wp\/v2\/tags?post=13170"}],"curies":[{"name":"wp","href":"https:\/\/api.w.org\/{rel}","templated":true}]}}