{"id":1296,"date":"2014-05-10T16:37:32","date_gmt":"2014-05-10T14:37:32","guid":{"rendered":"http:\/\/www.maxschoenherr.de\/clock\/?p=1296"},"modified":"2014-05-10T16:40:53","modified_gmt":"2014-05-10T14:40:53","slug":"oben-und-unten-zwei-fotos-einer-reise","status":"publish","type":"post","link":"https:\/\/www.maxschoenherr.de\/clock\/oben-und-unten-zwei-fotos-einer-reise\/","title":{"rendered":"oben und unten | zwei fotos"},"content":{"rendered":"<p style=\"text-align: center;\"><a href=\"http:\/\/www.maxschoenherr.de\/clock\/wp-content\/uploads\/2014\/05\/wolken-\u00fcber-deutschland.jpg\"><img loading=\"lazy\" decoding=\"async\" class=\"aligncenter size-large wp-image-1297\" src=\"http:\/\/www.maxschoenherr.de\/clock\/wp-content\/uploads\/2014\/05\/wolken-\u00fcber-deutschland-1024x441.jpg\" alt=\"wolken-\u00fcber-deutschland\" width=\"640\" height=\"275\" srcset=\"https:\/\/www.maxschoenherr.de\/clock\/wp-content\/uploads\/2014\/05\/wolken-\u00fcber-deutschland-1024x441.jpg 1024w, https:\/\/www.maxschoenherr.de\/clock\/wp-content\/uploads\/2014\/05\/wolken-\u00fcber-deutschland-300x129.jpg 300w, https:\/\/www.maxschoenherr.de\/clock\/wp-content\/uploads\/2014\/05\/wolken-\u00fcber-deutschland.jpg 1400w\" sizes=\"auto, (max-width: 640px) 100vw, 640px\" \/><\/a><em>\u00fcber den wolken. \u00a9 m.s.\/dpa<\/em><\/p>\n<p style=\"text-align: justify;\">dieses foto ist ein ausschnitt eines viel gr\u00f6\u00dferen, aufgenommen beim flug gegen mittag \u00fcber zentraleuropa. selten sieht man eine wolkenstruktur, die einem berg \u00e4hnelt, und schwarzwei\u00df gesetzt wirkt das foto ganz anders als sein prall wei\u00df-blaues farbiges pendant (was ich hier nicht zeige).<\/p>\n<p style=\"text-align: justify;\">unten ein foto, etwa eine halbe stunde sp\u00e4ter auf der A3 aufgenommen, und zwar vom flughafenbus aus. der bus war leer, also konnte ich mich in der ersten reihe platzieren und durch die gro\u00dfe scheibe vorn nach herzenslust fotografieren. dabei sieht man einen vorteil der &#8222;gro\u00dfen&#8220; kamera gegen\u00fcber der kleinen: mit einem smartphone w\u00e4ren die regentropfen und die autos mehr oder weniger scharf abgebildet. mit meinem objektiv an der spiegelreflexkamera dagegen kann ich mit der tiefensch\u00e4rfe praktisch beliebig spielen. mit der gr\u00f6\u00dftm\u00f6glichen blende von 1,2 h\u00e4tte man au\u00dfer den regentropfen keine struktur mehr erkennen k\u00f6nnen, nicht einmal, dass es sich um eine autobahn handelt. ich spielte eine weile mit der blende, bis ich eine gute balance hatte: das foto unten entstand mit vorgew\u00e4hlter\u00a0\u2014 immernoch gro\u00dfer\u00a0\u2014 blende 3,2, bei automatisch eingesteller geschwindigkeit. technisch also nicht raffiniert, old school. aber in zeiten der totalen tiefensch\u00e4rfe immer ein thema zum nachdenken.<\/p>\n<p style=\"text-align: justify;\">beide fotos werden beim draufklicken gr\u00f6\u00dfer; die originalgr\u00f6\u00dfe ist so gro\u00df, dass man die lichtbrechungen innerhalb der einzelnen tropfen studieren kann.<\/p>\n<p style=\"text-align: center;\"><a href=\"http:\/\/www.maxschoenherr.de\/clock\/wp-content\/uploads\/2014\/05\/nasseAutobahn.jpg\"><img loading=\"lazy\" decoding=\"async\" class=\"aligncenter size-large wp-image-1298\" src=\"http:\/\/www.maxschoenherr.de\/clock\/wp-content\/uploads\/2014\/05\/nasseAutobahn-1024x682.jpg\" alt=\"nasseAutobahn\" width=\"640\" height=\"426\" srcset=\"https:\/\/www.maxschoenherr.de\/clock\/wp-content\/uploads\/2014\/05\/nasseAutobahn-1024x682.jpg 1024w, https:\/\/www.maxschoenherr.de\/clock\/wp-content\/uploads\/2014\/05\/nasseAutobahn-300x199.jpg 300w, https:\/\/www.maxschoenherr.de\/clock\/wp-content\/uploads\/2014\/05\/nasseAutobahn.jpg 1400w\" sizes=\"auto, (max-width: 640px) 100vw, 640px\" \/><\/a><em>unter den wolken. \u00a9 m.s.\/dpa<\/em><\/p>\n","protected":false},"excerpt":{"rendered":"<p>\u00fcber den wolken. \u00a9 m.s.\/dpa dieses foto ist ein ausschnitt eines viel gr\u00f6\u00dferen, aufgenommen beim flug gegen mittag \u00fcber zentraleuropa. selten sieht man eine wolkenstruktur, die einem berg \u00e4hnelt, und schwarzwei\u00df gesetzt wirkt das foto ganz anders als sein prall wei\u00df-blaues farbiges pendant (was ich hier nicht zeige). unten ein foto, etwa eine halbe stunde [&hellip;]<\/p>\n","protected":false},"author":2,"featured_media":0,"comment_status":"closed","ping_status":"open","sticky":false,"template":"","format":"standard","meta":{"footnotes":""},"categories":[534],"tags":[556,133,554,555],"class_list":["post-1296","post","type-post","status-publish","format-standard","hentry","category-foto","tag-autobahn","tag-blende","tag-fotografie","tag-unschaerfe"],"wp-worthy-pixel":{"ignored":false,"public":null,"server":null,"url":null},"wp-worthy-type":"normal","_links":{"self":[{"href":"https:\/\/www.maxschoenherr.de\/clock\/wp-json\/wp\/v2\/posts\/1296","targetHints":{"allow":["GET"]}}],"collection":[{"href":"https:\/\/www.maxschoenherr.de\/clock\/wp-json\/wp\/v2\/posts"}],"about":[{"href":"https:\/\/www.maxschoenherr.de\/clock\/wp-json\/wp\/v2\/types\/post"}],"author":[{"embeddable":true,"href":"https:\/\/www.maxschoenherr.de\/clock\/wp-json\/wp\/v2\/users\/2"}],"replies":[{"embeddable":true,"href":"https:\/\/www.maxschoenherr.de\/clock\/wp-json\/wp\/v2\/comments?post=1296"}],"version-history":[{"count":3,"href":"https:\/\/www.maxschoenherr.de\/clock\/wp-json\/wp\/v2\/posts\/1296\/revisions"}],"predecessor-version":[{"id":1301,"href":"https:\/\/www.maxschoenherr.de\/clock\/wp-json\/wp\/v2\/posts\/1296\/revisions\/1301"}],"wp:attachment":[{"href":"https:\/\/www.maxschoenherr.de\/clock\/wp-json\/wp\/v2\/media?parent=1296"}],"wp:term":[{"taxonomy":"category","embeddable":true,"href":"https:\/\/www.maxschoenherr.de\/clock\/wp-json\/wp\/v2\/categories?post=1296"},{"taxonomy":"post_tag","embeddable":true,"href":"https:\/\/www.maxschoenherr.de\/clock\/wp-json\/wp\/v2\/tags?post=1296"}],"curies":[{"name":"wp","href":"https:\/\/api.w.org\/{rel}","templated":true}]}}