{"id":12419,"date":"2022-11-27T22:12:05","date_gmt":"2022-11-27T20:12:05","guid":{"rendered":"https:\/\/www.maxschoenherr.de\/clock\/?p=12419"},"modified":"2022-11-27T22:13:36","modified_gmt":"2022-11-27T20:13:36","slug":"die-fdp-1952","status":"publish","type":"post","link":"https:\/\/www.maxschoenherr.de\/clock\/die-fdp-1952\/","title":{"rendered":"die FDP | 1952"},"content":{"rendered":"\n<p class=\"has-text-align-left\">die FDP war in der jungen bundesrepublik auffangst\u00e4tte f\u00fcr NS-funktion\u00e4re, also eine extrem rechte, in gro\u00dfen teilen verfassungsfeindliche partei. um nur ein beispiel zu nennen: der NRW-landesvorsitzende und stellvertretende bundesvorsitzende der FDP \u2192 <a href=\"https:\/\/de.wikipedia.org\/wiki\/Friedrich_Middelhauve\">friedrich middelhauve<\/a> stellte unter anderem als seinen privatsekret\u00e4r den \u2192 <a href=\"https:\/\/de.wikipedia.org\/wiki\/Joseph_Goebbels\">goebbels<\/a>-redenschreiber \u2192 <a href=\"https:\/\/de.wikipedia.org\/wiki\/Wolfgang_Diewerge#Die_Nationale_Sammlung_der_nordrhein-westf%C3%A4lischen_FDP_und_der_Naumann-Kreis\">wolfgang diewerge<\/a> ein. das alles l\u00e4sst sich kompakt auf der titelseite der \u2192 <a href=\"https:\/\/de.wikipedia.org\/wiki\/Neue_Zeit\">NEUEN ZEIT<\/a> vom 27. november 1952 nachlesen.<\/p>\n\n\n<div class=\"wp-block-image is-style-default\">\n<figure class=\"aligncenter size-large is-resized\"><img loading=\"lazy\" decoding=\"async\" src=\"https:\/\/www.maxschoenherr.de\/clock\/wp-content\/uploads\/2022\/11\/NEUE-ZEIT-1952-680x1024.jpg\" alt=\"\" class=\"wp-image-12420\" width=\"510\" height=\"768\" srcset=\"https:\/\/www.maxschoenherr.de\/clock\/wp-content\/uploads\/2022\/11\/NEUE-ZEIT-1952-680x1024.jpg 680w, https:\/\/www.maxschoenherr.de\/clock\/wp-content\/uploads\/2022\/11\/NEUE-ZEIT-1952-199x300.jpg 199w, https:\/\/www.maxschoenherr.de\/clock\/wp-content\/uploads\/2022\/11\/NEUE-ZEIT-1952-768x1157.jpg 768w, https:\/\/www.maxschoenherr.de\/clock\/wp-content\/uploads\/2022\/11\/NEUE-ZEIT-1952.jpg 800w\" sizes=\"auto, (max-width: 510px) 100vw, 510px\" \/><figcaption class=\"wp-element-caption\"><em>vier interessante artikel von 1952<\/em><\/figcaption><\/figure>\n<\/div>\n\n\n<p>die zeitung der DDR-CDU berichtet an diesem tag<\/p>\n\n\n\n<ul class=\"wp-block-list\">\n<li>\u00fcber kirchenthemen (oben rechts; sinngem\u00e4\u00df: der christ und seine gro\u00dfe n\u00e4he zur arbeiterklasse) <\/li>\n<\/ul>\n\n\n\n<ul class=\"wp-block-list\">\n<li>\u00fcber den parteitag der FDP (unten mitte; rechtsruck durch NS-einfluss)<\/li>\n<\/ul>\n\n\n\n<ul class=\"wp-block-list\">\n<li>\u00fcber eine drohende spaltung der FDP und eine gru\u00dfbotschaft des ministerpr\u00e4sidenten israels david ben-gurion an den sowjet-f\u00fchrer josef stalin. inhalt: danke f\u00fcr die niederstreckung von NS-deutschland.<\/li>\n<\/ul>\n\n\n<div class=\"wp-block-image is-style-default\">\n<figure class=\"aligncenter size-full is-resized\"><img loading=\"lazy\" decoding=\"async\" src=\"https:\/\/www.maxschoenherr.de\/clock\/wp-content\/uploads\/2022\/11\/NEUE-ZEIT-1952_israelUndFDP.jpg\" alt=\"\" class=\"wp-image-12421\" width=\"447\" height=\"545\" srcset=\"https:\/\/www.maxschoenherr.de\/clock\/wp-content\/uploads\/2022\/11\/NEUE-ZEIT-1952_israelUndFDP.jpg 596w, https:\/\/www.maxschoenherr.de\/clock\/wp-content\/uploads\/2022\/11\/NEUE-ZEIT-1952_israelUndFDP-246x300.jpg 246w\" sizes=\"auto, (max-width: 447px) 100vw, 447px\" \/><figcaption class=\"wp-element-caption\"><em>ausschnitt von oben<\/em><\/figcaption><\/figure>\n<\/div>\n\n\n<p class=\"has-text-align-left\">\u00fcbrigens passierte drei monate sp\u00e4ter ein donnerschlag in der FDP: die britische besatzungsmacht deckte einen komplott ehemaliger nazis innerhalb der partei auf. deren f\u00fchrender kopf war der SS-mann und goebbels-vertraute \u2192 <a href=\"https:\/\/de.wikipedia.org\/wiki\/Werner_Naumann#Nach_dem_Krieg\">werner naumann<\/a>. die damit verbundenen verhaftungen \u00e4nderten das parteigef\u00fcge noch lange nicht, aber sie trafen die FDP ins mark.<\/p>\n","protected":false},"excerpt":{"rendered":"<p>die FDP war in der jungen bundesrepublik auffangst\u00e4tte f\u00fcr NS-funktion\u00e4re, also eine extrem rechte, in gro\u00dfen teilen verfassungsfeindliche partei. um nur ein beispiel zu nennen: der NRW-landesvorsitzende und stellvertretende bundesvorsitzende der FDP \u2192 friedrich middelhauve stellte unter anderem als seinen privatsekret\u00e4r den \u2192 goebbels-redenschreiber \u2192 wolfgang diewerge ein. das alles l\u00e4sst sich kompakt auf der [&hellip;]<\/p>\n","protected":false},"author":2,"featured_media":0,"comment_status":"closed","ping_status":"closed","sticky":false,"template":"","format":"standard","meta":{"footnotes":""},"categories":[1],"tags":[],"class_list":["post-12419","post","type-post","status-publish","format-standard","hentry","category-allgemein"],"wp-worthy-pixel":{"ignored":false,"public":null,"server":null,"url":null},"wp-worthy-type":"normal","_links":{"self":[{"href":"https:\/\/www.maxschoenherr.de\/clock\/wp-json\/wp\/v2\/posts\/12419","targetHints":{"allow":["GET"]}}],"collection":[{"href":"https:\/\/www.maxschoenherr.de\/clock\/wp-json\/wp\/v2\/posts"}],"about":[{"href":"https:\/\/www.maxschoenherr.de\/clock\/wp-json\/wp\/v2\/types\/post"}],"author":[{"embeddable":true,"href":"https:\/\/www.maxschoenherr.de\/clock\/wp-json\/wp\/v2\/users\/2"}],"replies":[{"embeddable":true,"href":"https:\/\/www.maxschoenherr.de\/clock\/wp-json\/wp\/v2\/comments?post=12419"}],"version-history":[{"count":3,"href":"https:\/\/www.maxschoenherr.de\/clock\/wp-json\/wp\/v2\/posts\/12419\/revisions"}],"predecessor-version":[{"id":12425,"href":"https:\/\/www.maxschoenherr.de\/clock\/wp-json\/wp\/v2\/posts\/12419\/revisions\/12425"}],"wp:attachment":[{"href":"https:\/\/www.maxschoenherr.de\/clock\/wp-json\/wp\/v2\/media?parent=12419"}],"wp:term":[{"taxonomy":"category","embeddable":true,"href":"https:\/\/www.maxschoenherr.de\/clock\/wp-json\/wp\/v2\/categories?post=12419"},{"taxonomy":"post_tag","embeddable":true,"href":"https:\/\/www.maxschoenherr.de\/clock\/wp-json\/wp\/v2\/tags?post=12419"}],"curies":[{"name":"wp","href":"https:\/\/api.w.org\/{rel}","templated":true}]}}