{"id":12341,"date":"2022-09-18T09:56:14","date_gmt":"2022-09-18T07:56:14","guid":{"rendered":"https:\/\/www.maxschoenherr.de\/clock\/?p=12341"},"modified":"2022-09-18T18:00:00","modified_gmt":"2022-09-18T16:00:00","slug":"elektrisch-laden","status":"publish","type":"post","link":"https:\/\/www.maxschoenherr.de\/clock\/elektrisch-laden\/","title":{"rendered":"elektrisch | laden sept. 22"},"content":{"rendered":"<div class=\"wp-block-image\">\n<figure class=\"aligncenter size-large is-resized\"><img loading=\"lazy\" decoding=\"async\" src=\"https:\/\/www.maxschoenherr.de\/clock\/wp-content\/uploads\/2022\/09\/D56181BE-046A-4ACF-B52D-1C699595BDAB-1024x949.jpeg\" alt=\"\" class=\"wp-image-12356\" width=\"512\" height=\"475\" srcset=\"https:\/\/www.maxschoenherr.de\/clock\/wp-content\/uploads\/2022\/09\/D56181BE-046A-4ACF-B52D-1C699595BDAB-1024x949.jpeg 1024w, https:\/\/www.maxschoenherr.de\/clock\/wp-content\/uploads\/2022\/09\/D56181BE-046A-4ACF-B52D-1C699595BDAB-300x278.jpeg 300w, https:\/\/www.maxschoenherr.de\/clock\/wp-content\/uploads\/2022\/09\/D56181BE-046A-4ACF-B52D-1C699595BDAB-768x712.jpeg 768w, https:\/\/www.maxschoenherr.de\/clock\/wp-content\/uploads\/2022\/09\/D56181BE-046A-4ACF-B52D-1C699595BDAB-1536x1424.jpeg 1536w, https:\/\/www.maxschoenherr.de\/clock\/wp-content\/uploads\/2022\/09\/D56181BE-046A-4ACF-B52D-1C699595BDAB-2048x1899.jpeg 2048w\" sizes=\"auto, (max-width: 512px) 100vw, 512px\" \/><figcaption><em>waldschrat (unten links)<\/em><\/figcaption><\/figure>\n<\/div>\n\n\n<p class=\"has-text-align-left\">wir wohnen in der gro\u00dfstadt und sind umgeben von elektro-lades\u00e4ulen f\u00fcr e-autos. als wir bis vor kurzem noch einen benziner fuhren, war uns das nicht bewusst. die meisten ladestellen sind unauff\u00e4llig in parkbuchten untergebracht. wir wussten auch nichts von den beitreibern und lade-karten und lade-apps. aber das ist eine andere geschichte.<\/p>\n\n\n\n<p class=\"has-text-align-left\">unser elektro-vehicle (EV) der mittelklasse hat einen akku mit 60 kilowattstunden (kWh) energie. in einem mischbetrieb aus stadt, land und autobahn verbraucht er etwa <strong>15 kWh auf 100 km<\/strong>. in der stadt sind es deutlich (!) weniger, bei 150 km\/h auf der autobahn deutlich mehr. auch die jahreszeit, sprich die umgebungstemperatur spielt eine rolle. angeblich sind die 15 kWh \/ 100 km ein mittelwert \u00fcbers ganze jahr. wir fahren meist in der stadt, wo der verbrauch bei 12 kWh liegen mag, und auf autobahnen bleiben wir meist bei 130 km\/h, wodurch wir vielleicht auf 17 kWh kommen.<\/p>\n\n\n\n<p class=\"has-text-align-left\">diese rechnung ist quasi die \u201ew\u00e4hrung\u201c, die wir von verbrennern kennen: der benziner braucht sagen wir mal <strong>7 liter auf 100 km<\/strong>. diese 7 liter kosten im moment etwa 14 \u20ac. was kosten denn die 15 kWh des elektrischen autos, mit denen es 100 km weit f\u00e4hrt? dazu folgende grafik von einem ladevorgang dieser woche:<\/p>\n\n\n<div class=\"wp-block-image\">\n<figure class=\"aligncenter size-full is-resized\"><img loading=\"lazy\" decoding=\"async\" src=\"https:\/\/www.maxschoenherr.de\/clock\/wp-content\/uploads\/2022\/09\/39B333FA-FA43-46D1-BF29-770DB8CA8E88.jpeg\" alt=\"\" class=\"wp-image-12346\" width=\"680\" height=\"547\" srcset=\"https:\/\/www.maxschoenherr.de\/clock\/wp-content\/uploads\/2022\/09\/39B333FA-FA43-46D1-BF29-770DB8CA8E88.jpeg 906w, https:\/\/www.maxschoenherr.de\/clock\/wp-content\/uploads\/2022\/09\/39B333FA-FA43-46D1-BF29-770DB8CA8E88-300x241.jpeg 300w, https:\/\/www.maxschoenherr.de\/clock\/wp-content\/uploads\/2022\/09\/39B333FA-FA43-46D1-BF29-770DB8CA8E88-768x618.jpeg 768w\" sizes=\"auto, (max-width: 680px) 100vw, 680px\" \/><figcaption><em>ladevorgang<\/em><\/figcaption><\/figure>\n<\/div>\n\n\n<p class=\"has-text-align-left\">wir haben 24 kWh geladen, wof\u00fcr wir 10 \u20ac zahlten. 24 kWh entsprechen etwa 180 km reichweite. der preis liegt also bei 6 \u20ac pro 100 km \u2013 und damit bei weniger als der h\u00e4lfte eines benziners. der wirkungsgrad des verbrenners ist im verh\u00e4ltnis zum EV katastrophal schlecht, die CO2-bilanz sowieso. (auch wenn ich nat\u00fcrlich \u00fcber den \u00f6kologischen rucksack des akkus bescheid wei\u00df.) das elektrische fahren mit einem mittelklassevehikel ist unvergleichlich angenehmer und ansprechender als mit einem verbrenner.<\/p>\n\n\n\n<p class=\"has-text-align-left\">zur\u00fcck zu den zahlen. ich erhalte f\u00fcr einen euro 2,3 kWh energie. eine kWh kostet in meinem beispiel 50 cent. diese preise k\u00f6nnen sich erh\u00f6hen. einige anbieter, wie aldi und lidl haben schon eine deutliche erh\u00f6hung vollzogen.<\/p>\n\n\n\n<p class=\"has-text-align-left\">beim elektrisch laden gibt es au\u00dfer den kilowattstunden und euros eine weitere &#8222;w\u00e4hrung&#8220;, die der verbrenner allerdings nicht kennt: die zahl 33 minuten in der rechnung oben. dies ist die ladegeschwindigkeit. grunds\u00e4tzlich gilt: je langsamer, desto billiger und desto schonender. wir haben schon f\u00fcr 30 cent, aber auch f\u00fcr 80 cent elektrisch getankt. das beispiel oben ist ein ladevorgang mit CCS. das hei\u00dft: gleichstrom und relativ schnell. und es hei\u00dft auch: anders als bei benzin und diesel lohnt sich beim elektrisch \u201ctanken\u201c der preisvergleich. die preisunterschiede sind erheblich.<\/p>\n","protected":false},"excerpt":{"rendered":"<p>wir wohnen in der gro\u00dfstadt und sind umgeben von elektro-lades\u00e4ulen f\u00fcr e-autos. als wir bis vor kurzem noch einen benziner fuhren, war uns das nicht bewusst. die meisten ladestellen sind unauff\u00e4llig in parkbuchten untergebracht. wir wussten auch nichts von den beitreibern und lade-karten und lade-apps. aber das ist eine andere geschichte. unser elektro-vehicle (EV) der [&hellip;]<\/p>\n","protected":false},"author":2,"featured_media":0,"comment_status":"closed","ping_status":"closed","sticky":false,"template":"","format":"standard","meta":{"footnotes":""},"categories":[1],"tags":[],"class_list":["post-12341","post","type-post","status-publish","format-standard","hentry","category-allgemein"],"wp-worthy-pixel":{"ignored":false,"public":"3614e7a76cb446e893cf8a9bc4279176","server":"vg02.met.vgwort.de","url":"https:\/\/vg02.met.vgwort.de\/na\/3614e7a76cb446e893cf8a9bc4279176"},"wp-worthy-type":"normal","_links":{"self":[{"href":"https:\/\/www.maxschoenherr.de\/clock\/wp-json\/wp\/v2\/posts\/12341","targetHints":{"allow":["GET"]}}],"collection":[{"href":"https:\/\/www.maxschoenherr.de\/clock\/wp-json\/wp\/v2\/posts"}],"about":[{"href":"https:\/\/www.maxschoenherr.de\/clock\/wp-json\/wp\/v2\/types\/post"}],"author":[{"embeddable":true,"href":"https:\/\/www.maxschoenherr.de\/clock\/wp-json\/wp\/v2\/users\/2"}],"replies":[{"embeddable":true,"href":"https:\/\/www.maxschoenherr.de\/clock\/wp-json\/wp\/v2\/comments?post=12341"}],"version-history":[{"count":10,"href":"https:\/\/www.maxschoenherr.de\/clock\/wp-json\/wp\/v2\/posts\/12341\/revisions"}],"predecessor-version":[{"id":12360,"href":"https:\/\/www.maxschoenherr.de\/clock\/wp-json\/wp\/v2\/posts\/12341\/revisions\/12360"}],"wp:attachment":[{"href":"https:\/\/www.maxschoenherr.de\/clock\/wp-json\/wp\/v2\/media?parent=12341"}],"wp:term":[{"taxonomy":"category","embeddable":true,"href":"https:\/\/www.maxschoenherr.de\/clock\/wp-json\/wp\/v2\/categories?post=12341"},{"taxonomy":"post_tag","embeddable":true,"href":"https:\/\/www.maxschoenherr.de\/clock\/wp-json\/wp\/v2\/tags?post=12341"}],"curies":[{"name":"wp","href":"https:\/\/api.w.org\/{rel}","templated":true}]}}