{"id":12141,"date":"2022-07-04T20:41:36","date_gmt":"2022-07-04T18:41:36","guid":{"rendered":"https:\/\/www.maxschoenherr.de\/clock\/?p=12141"},"modified":"2022-07-04T20:41:38","modified_gmt":"2022-07-04T18:41:38","slug":"e-tanken","status":"publish","type":"post","link":"https:\/\/www.maxschoenherr.de\/clock\/e-tanken\/","title":{"rendered":"e | tanken"},"content":{"rendered":"<div class=\"wp-block-image\">\n<figure class=\"aligncenter size-large is-resized\"><img loading=\"lazy\" decoding=\"async\" src=\"https:\/\/www.maxschoenherr.de\/clock\/wp-content\/uploads\/2022\/07\/28DCA3FC-4749-4ECE-A373-D3AB8DEEB620-1024x771.jpeg\" alt=\"\" class=\"wp-image-12143\" width=\"667\" height=\"502\" srcset=\"https:\/\/www.maxschoenherr.de\/clock\/wp-content\/uploads\/2022\/07\/28DCA3FC-4749-4ECE-A373-D3AB8DEEB620-1024x771.jpeg 1024w, https:\/\/www.maxschoenherr.de\/clock\/wp-content\/uploads\/2022\/07\/28DCA3FC-4749-4ECE-A373-D3AB8DEEB620-300x226.jpeg 300w, https:\/\/www.maxschoenherr.de\/clock\/wp-content\/uploads\/2022\/07\/28DCA3FC-4749-4ECE-A373-D3AB8DEEB620-768x578.jpeg 768w, https:\/\/www.maxschoenherr.de\/clock\/wp-content\/uploads\/2022\/07\/28DCA3FC-4749-4ECE-A373-D3AB8DEEB620-1536x1157.jpeg 1536w, https:\/\/www.maxschoenherr.de\/clock\/wp-content\/uploads\/2022\/07\/28DCA3FC-4749-4ECE-A373-D3AB8DEEB620-2048x1542.jpeg 2048w\" sizes=\"auto, (max-width: 667px) 100vw, 667px\" \/><figcaption><em>stromtanken an der autobahnrastst\u00e4tte. foto: ms\/dpa<\/em><\/figcaption><\/figure>\n<\/div>\n\n\n<p class=\"has-text-align-left\">ich kenne rein elektrische autos seit langem. meine erste begegnung war etwa 2012 bei daimler in stuttgart, als mich ein pressesprecher im elektrisch angetriebenen smart abholte, den ich dann hoch ins werk fuhr. es regnete in str\u00f6men, und die reichweite verringerte sich angesichts der steigung, der klimaanlage, des lichts und der scheibenwischer innerhalb weniger minuten erheblich.<\/p>\n\n\n\n<p class=\"has-text-align-left\">im selben jahr (oder eine jahr sp\u00e4ter) fragte ich auf der automobilmesse in frankfurt einen ingenieur bei porsche, wie lange der elektrisch angetriebene cayenne 150 fahren kann. 10 sekunden war die antwort. dazu ist wichtig zu wissen: der wagen war damals noch lange vor der prototyp-phase, die akkus quer \u00fcbers ganze fahrzeug verstreut eingebaut.<\/p>\n\n\n\n<p class=\"has-text-align-left\">2020 ging ich zu einer VW-niederlassung, um den <a href=\"https:\/\/www.maxschoenherr.de\/clock\/vw-id-3-oednis\/\" data-type=\"post\" data-id=\"11289\">ID 3<\/a> test zu fahren. wir hatten nur eine stunde zeit daf\u00fcr, standen l\u00e4ngere zeit im stau. der wagen gefiel uns nicht so recht, vom fahrgef\u00fchl, von der enge der sicht nach hinten, vom sehr braven dashboard UI.<\/p>\n\n\n<div class=\"wp-block-image\">\n<figure class=\"aligncenter size-large\"><img loading=\"lazy\" decoding=\"async\" width=\"1024\" height=\"768\" src=\"https:\/\/www.maxschoenherr.de\/clock\/wp-content\/uploads\/2022\/07\/76E7203B-B573-42E8-95B1-6D9229A474DD-1024x768.jpeg\" alt=\"\" class=\"wp-image-12145\" srcset=\"https:\/\/www.maxschoenherr.de\/clock\/wp-content\/uploads\/2022\/07\/76E7203B-B573-42E8-95B1-6D9229A474DD-1024x768.jpeg 1024w, https:\/\/www.maxschoenherr.de\/clock\/wp-content\/uploads\/2022\/07\/76E7203B-B573-42E8-95B1-6D9229A474DD-300x225.jpeg 300w, https:\/\/www.maxschoenherr.de\/clock\/wp-content\/uploads\/2022\/07\/76E7203B-B573-42E8-95B1-6D9229A474DD-768x576.jpeg 768w, https:\/\/www.maxschoenherr.de\/clock\/wp-content\/uploads\/2022\/07\/76E7203B-B573-42E8-95B1-6D9229A474DD-1536x1152.jpeg 1536w, https:\/\/www.maxschoenherr.de\/clock\/wp-content\/uploads\/2022\/07\/76E7203B-B573-42E8-95B1-6D9229A474DD-2048x1536.jpeg 2048w\" sizes=\"auto, (max-width: 1024px) 100vw, 1024px\" \/><figcaption><em>testwagen: megane e-tech<\/em><\/figcaption><\/figure>\n<\/div>\n\n\n<p class=\"has-text-align-left\">der direkte konkurrent dagegen, ein renault megane e-tech, gefiel uns sehr. die gute integration des infotainment-systems (google) ins auto, eine fein anpassbare lenkgef\u00fcgigkeit, gelungene spurhalte- und abstandsautonomie und vieles mehr. der wagen f\u00e4hrt sich m\u00fchelos, und er beschleunigt in der 220 PS-variante nicht nur bei niedrigen geschwindigkeiten beeindruckend.<\/p>\n\n\n\n<p class=\"has-text-align-left\">worauf ich hier aber hinaus m\u00f6chte, ist die lade-infrastruktur. bei einer reichweite von etwas \u00fcber 350 km kam bei uns keine reichweiten-angst auf. die autobahnrastst\u00e4tten boten, anders als noch vor wenigen jahren, ladenm\u00f6glichkeiten in verschiedenen geschwindigkeiten an. in k\u00f6ln selbst dominiert rheinenergie die lage und ist nur mit spezieller karte oder umst\u00e4ndlicher online-anmeldung, am besten mit der rheinenergie-app, nutzbar. wir mussten einige ladestationen abklappern, bis wir zu aldi kamen, wo es bemerkenswert einfach ging, n\u00e4mlich kontaktlos, wie beim kontaktlosen bezahlen an der kasse. der beleg ist dann am display zu sehen.<\/p>\n\n\n<div class=\"wp-block-image\">\n<figure class=\"aligncenter size-large\"><img loading=\"lazy\" decoding=\"async\" width=\"1024\" height=\"771\" src=\"https:\/\/www.maxschoenherr.de\/clock\/wp-content\/uploads\/2022\/07\/07BB7FF2-6650-4100-A29D-DC9056760F72-1024x771.jpeg\" alt=\"\" class=\"wp-image-12144\" srcset=\"https:\/\/www.maxschoenherr.de\/clock\/wp-content\/uploads\/2022\/07\/07BB7FF2-6650-4100-A29D-DC9056760F72-1024x771.jpeg 1024w, https:\/\/www.maxschoenherr.de\/clock\/wp-content\/uploads\/2022\/07\/07BB7FF2-6650-4100-A29D-DC9056760F72-300x226.jpeg 300w, https:\/\/www.maxschoenherr.de\/clock\/wp-content\/uploads\/2022\/07\/07BB7FF2-6650-4100-A29D-DC9056760F72-768x578.jpeg 768w, https:\/\/www.maxschoenherr.de\/clock\/wp-content\/uploads\/2022\/07\/07BB7FF2-6650-4100-A29D-DC9056760F72-1536x1157.jpeg 1536w, https:\/\/www.maxschoenherr.de\/clock\/wp-content\/uploads\/2022\/07\/07BB7FF2-6650-4100-A29D-DC9056760F72-2048x1542.jpeg 2048w\" sizes=\"auto, (max-width: 1024px) 100vw, 1024px\" \/><figcaption><em>tankebeleg am display bei aldi. foto: ms\/dpa<\/em><\/figcaption><\/figure>\n<\/div>\n\n\n<p class=\"has-text-align-left\">w\u00e4hrend der wagen bei aldi seine akkus auflud, gingen wir einen kilometer nach hause, kontrollierten \u00fcber die renault-app den ladezustand. als ich aufbrach, um ihn abzuholen, wies ich die app an, ihn etwas vorzuk\u00fchlen, denn es war ein sehr hei\u00dfer tag. ich kam dann in einen angenehm gek\u00fchlten wagen. in unmittelbarer n\u00e4he baut lidl gerade vier e-tank-punkte auf. innerst\u00e4dtisch ist das laden aber von der reichweite her kein problem. ich habe den benziner alle paar wochen betankt, und entsprechend selten muss der elektro-wagen betankt werden. bei l\u00e4ngeren strecken ist die sicherheit, an rastst\u00e4tten laden zu k\u00f6nnen, beruhigend. und nach 200 bis 300 km mache ich sowieso gern eine fahrpause.<\/p>\n","protected":false},"excerpt":{"rendered":"<p>ich kenne rein elektrische autos seit langem. meine erste begegnung war etwa 2012 bei daimler in stuttgart, als mich ein pressesprecher im elektrisch angetriebenen smart abholte, den ich dann hoch ins werk fuhr. es regnete in str\u00f6men, und die reichweite verringerte sich angesichts der steigung, der klimaanlage, des lichts und der scheibenwischer innerhalb weniger minuten [&hellip;]<\/p>\n","protected":false},"author":2,"featured_media":0,"comment_status":"closed","ping_status":"closed","sticky":false,"template":"","format":"standard","meta":{"footnotes":""},"categories":[1],"tags":[],"class_list":["post-12141","post","type-post","status-publish","format-standard","hentry","category-allgemein"],"wp-worthy-pixel":{"ignored":false,"public":"844898f2449b40669cf705b28f5c36fa","server":"vg02.met.vgwort.de","url":"https:\/\/vg02.met.vgwort.de\/na\/844898f2449b40669cf705b28f5c36fa"},"wp-worthy-type":"normal","_links":{"self":[{"href":"https:\/\/www.maxschoenherr.de\/clock\/wp-json\/wp\/v2\/posts\/12141","targetHints":{"allow":["GET"]}}],"collection":[{"href":"https:\/\/www.maxschoenherr.de\/clock\/wp-json\/wp\/v2\/posts"}],"about":[{"href":"https:\/\/www.maxschoenherr.de\/clock\/wp-json\/wp\/v2\/types\/post"}],"author":[{"embeddable":true,"href":"https:\/\/www.maxschoenherr.de\/clock\/wp-json\/wp\/v2\/users\/2"}],"replies":[{"embeddable":true,"href":"https:\/\/www.maxschoenherr.de\/clock\/wp-json\/wp\/v2\/comments?post=12141"}],"version-history":[{"count":2,"href":"https:\/\/www.maxschoenherr.de\/clock\/wp-json\/wp\/v2\/posts\/12141\/revisions"}],"predecessor-version":[{"id":12146,"href":"https:\/\/www.maxschoenherr.de\/clock\/wp-json\/wp\/v2\/posts\/12141\/revisions\/12146"}],"wp:attachment":[{"href":"https:\/\/www.maxschoenherr.de\/clock\/wp-json\/wp\/v2\/media?parent=12141"}],"wp:term":[{"taxonomy":"category","embeddable":true,"href":"https:\/\/www.maxschoenherr.de\/clock\/wp-json\/wp\/v2\/categories?post=12141"},{"taxonomy":"post_tag","embeddable":true,"href":"https:\/\/www.maxschoenherr.de\/clock\/wp-json\/wp\/v2\/tags?post=12141"}],"curies":[{"name":"wp","href":"https:\/\/api.w.org\/{rel}","templated":true}]}}