{"id":12095,"date":"2022-04-28T16:26:32","date_gmt":"2022-04-28T14:26:32","guid":{"rendered":"https:\/\/www.maxschoenherr.de\/clock\/?p=12095"},"modified":"2022-04-28T16:31:27","modified_gmt":"2022-04-28T14:31:27","slug":"archivradio-vorm-start","status":"publish","type":"post","link":"https:\/\/www.maxschoenherr.de\/clock\/archivradio-vorm-start\/","title":{"rendered":"archivradio | vorm start"},"content":{"rendered":"\n<p class=\"has-text-align-left\">im herbst 2007 startete der SWR das \u2192 <a href=\"http:\/\/www.archivradio.de\">archivradio<\/a>. heute, 2022, ist es eine starke marke in der ARD mit zig tausenden h\u00f6rerInnen. im \u2192 <a href=\"https:\/\/de.wikipedia.org\/wiki\/SWR2_Archivradio\">wikipedia-artikel dazu<\/a> gibt es einen l\u00e4ngeren teil zur geschichte des archivradios.<\/p>\n\n\n\n<div class=\"wp-block-image\"><figure class=\"aligncenter size-full is-resized\"><img loading=\"lazy\" decoding=\"async\" src=\"https:\/\/www.maxschoenherr.de\/clock\/wp-content\/uploads\/2022\/04\/gespraechsprotokollArchivradio2007.jpg\" alt=\"\" class=\"wp-image-12096\" width=\"750\" height=\"565\" srcset=\"https:\/\/www.maxschoenherr.de\/clock\/wp-content\/uploads\/2022\/04\/gespraechsprotokollArchivradio2007.jpg 1000w, https:\/\/www.maxschoenherr.de\/clock\/wp-content\/uploads\/2022\/04\/gespraechsprotokollArchivradio2007-300x226.jpg 300w, https:\/\/www.maxschoenherr.de\/clock\/wp-content\/uploads\/2022\/04\/gespraechsprotokollArchivradio2007-768x578.jpg 768w\" sizes=\"auto, (max-width: 750px) 100vw, 750px\" \/><figcaption><em>handschriftliches gespr\u00e4chsprotokoll<\/em><\/figcaption><\/figure><\/div>\n\n\n\n<p class=\"has-text-align-left\">ich fand in einem notizblock jetzt ein gespr\u00e4chsprotokoll vom 10. januar 2007. handschriftlich, weil ich im zug zur\u00fcck von dem treffen in wiesbaden war und noch alles frisch im kopf hatte.<\/p>\n\n\n\n<p class=\"has-text-align-left\">dort hatte ich im <a href=\"http:\/\/www.dra.de\">deutschen rundfunkarchiv<\/a> den damaligen DRA-chef hans-gerhard st\u00fclb und den leiter der hauptabteilung <em>dokumentation und archive<\/em> des s\u00fcdwestrundfunks in baden-baden michael harms. ich war im vorfeld schon mit detlef clas (leiter SWR 2 wissen) beim h\u00f6rfunkdirektor des SWR <a href=\"https:\/\/de.wikipedia.org\/wiki\/Bernhard_Hermann_(Journalist)\" data-type=\"URL\" data-id=\"https:\/\/de.wikipedia.org\/wiki\/Bernhard_Hermann_(Journalist)\">bernhard hermann<\/a> gewesen, der das projekt so gut fand, dass er sich einen start im fr\u00fchjahr 2007 vorstellen konnte.<\/p>\n\n\n\n<p class=\"has-text-align-left\">das gespr\u00e4chsprotokoll beginnt mit den zwei kernaussagen: kein zweifel am sinn des projekts, und kein zweifel an seiner zukunftsf\u00e4higkeit. in dem gespr\u00e4ch, das ungef\u00e4hr eine stunde dauerte, ging es um die finanzierung, um die begleitung des streams durch einen blog und die frage, ob NS-originalt\u00f6ne kommentiert und eingeordnet werden sollten.<\/p>\n\n\n\n<p class=\"has-text-align-left\">damals war nicht klar, wie viel aufwand die best\u00fcckung und kuratierung des archivradios erfordern w\u00fcrde. ich brachte gegen\u00fcber st\u00fclb und harms ins spiel, dass ich als freier journalist einen teil der arbeit \u00fcbernehmen k\u00f6nnte. es stand noch mein \u2192 <a href=\"https:\/\/de.wikipedia.org\/wiki\/SWR2_Archivradio#\/media\/Datei:Archivradio_-_erstes_Konzept_-_Dummy_-_2005.png\" data-type=\"URL\" data-id=\"https:\/\/de.wikipedia.org\/wiki\/SWR2_Archivradio#\/media\/Datei:Archivradio_-_erstes_Konzept_-_Dummy_-_2005.png\">sendeschema von 2005<\/a> im raum, was aber nach dem start im herbst 2007 obsolet wurde. die finanzierung erfolgt seitdem \u00fcber ein minimales budget der redaktion <em>wissen<\/em> im SWR.<\/p>\n\n\n\n<p class=\"has-text-align-left\">der von harms vorgeschlagene blog kam nie zustande.<\/p>\n\n\n\n<p class=\"has-text-align-left\">in der frage nach der kommentierung von NS-originalt\u00f6nen waren st\u00fclb und ich uns einig: die das archivradio begleitende webseite m\u00fcsste diese einordnung leisten. harms dagegen schlug vor, das auch vor, nach und mitten in jedem &#8222;problematischen &#8220; o-ton per ansage zu tun.<\/p>\n\n\n\n<p class=\"has-text-align-left\">dass o-t\u00f6ne aus nationalsozialistischer zeit \u00fcberhaupt ein thema waren, liegt an der aufstellung des rundfunkarchivs. das DRA hat unmengen an NS-mitschnitten. als ich viele jahre sp\u00e4ter den schwerpunkt setzte, alle vorhandenen o-t\u00f6ne aus den parlamentsdebatten des weimarer reichstags zu streamen, ordneten wir das \u00fcber die webseite des archivradios ausf\u00fchrlich ein und beschr\u00e4nkten uns in der anmoderation auf eine kurze inhaltliche zusammenfassung und zeitliche einordnung, mehr aber nicht. harms meinte dazu abschlie\u00dfend \u2013 und damit endet mein gespr\u00e4chsprotokoll \u2013, &#8222;in den 60er jahren w\u00e4re so ein o-ton im giftschrank verschwunden.&#8220;<\/p>\n\n\n\n<div class=\"wp-block-image\"><figure class=\"aligncenter size-full is-resized\"><img loading=\"lazy\" decoding=\"async\" src=\"https:\/\/www.maxschoenherr.de\/clock\/wp-content\/uploads\/2022\/04\/gespraechsprotokollArchivradio2007b.jpg\" alt=\"\" class=\"wp-image-12098\" width=\"750\" height=\"205\" srcset=\"https:\/\/www.maxschoenherr.de\/clock\/wp-content\/uploads\/2022\/04\/gespraechsprotokollArchivradio2007b.jpg 1000w, https:\/\/www.maxschoenherr.de\/clock\/wp-content\/uploads\/2022\/04\/gespraechsprotokollArchivradio2007b-300x82.jpg 300w, https:\/\/www.maxschoenherr.de\/clock\/wp-content\/uploads\/2022\/04\/gespraechsprotokollArchivradio2007b-768x210.jpg 768w\" sizes=\"auto, (max-width: 750px) 100vw, 750px\" \/><figcaption><em>giftschrank f\u00fcr NS-o-t\u00f6ne?<\/em><\/figcaption><\/figure><\/div>\n","protected":false},"excerpt":{"rendered":"<p>im herbst 2007 startete der SWR das \u2192 archivradio. heute, 2022, ist es eine starke marke in der ARD mit zig tausenden h\u00f6rerInnen. im \u2192 wikipedia-artikel dazu gibt es einen l\u00e4ngeren teil zur geschichte des archivradios. ich fand in einem notizblock jetzt ein gespr\u00e4chsprotokoll vom 10. januar 2007. handschriftlich, weil ich im zug zur\u00fcck von [&hellip;]<\/p>\n","protected":false},"author":2,"featured_media":0,"comment_status":"closed","ping_status":"closed","sticky":false,"template":"","format":"standard","meta":{"footnotes":""},"categories":[1],"tags":[],"class_list":["post-12095","post","type-post","status-publish","format-standard","hentry","category-allgemein"],"wp-worthy-pixel":{"ignored":false,"public":"140aab08b94a42d58ac9bf23f9c0d299","server":"vg02.met.vgwort.de","url":"https:\/\/vg02.met.vgwort.de\/na\/140aab08b94a42d58ac9bf23f9c0d299"},"wp-worthy-type":"normal","_links":{"self":[{"href":"https:\/\/www.maxschoenherr.de\/clock\/wp-json\/wp\/v2\/posts\/12095","targetHints":{"allow":["GET"]}}],"collection":[{"href":"https:\/\/www.maxschoenherr.de\/clock\/wp-json\/wp\/v2\/posts"}],"about":[{"href":"https:\/\/www.maxschoenherr.de\/clock\/wp-json\/wp\/v2\/types\/post"}],"author":[{"embeddable":true,"href":"https:\/\/www.maxschoenherr.de\/clock\/wp-json\/wp\/v2\/users\/2"}],"replies":[{"embeddable":true,"href":"https:\/\/www.maxschoenherr.de\/clock\/wp-json\/wp\/v2\/comments?post=12095"}],"version-history":[{"count":2,"href":"https:\/\/www.maxschoenherr.de\/clock\/wp-json\/wp\/v2\/posts\/12095\/revisions"}],"predecessor-version":[{"id":12099,"href":"https:\/\/www.maxschoenherr.de\/clock\/wp-json\/wp\/v2\/posts\/12095\/revisions\/12099"}],"wp:attachment":[{"href":"https:\/\/www.maxschoenherr.de\/clock\/wp-json\/wp\/v2\/media?parent=12095"}],"wp:term":[{"taxonomy":"category","embeddable":true,"href":"https:\/\/www.maxschoenherr.de\/clock\/wp-json\/wp\/v2\/categories?post=12095"},{"taxonomy":"post_tag","embeddable":true,"href":"https:\/\/www.maxschoenherr.de\/clock\/wp-json\/wp\/v2\/tags?post=12095"}],"curies":[{"name":"wp","href":"https:\/\/api.w.org\/{rel}","templated":true}]}}