{"id":1155,"date":"2014-04-16T22:05:53","date_gmt":"2014-04-16T20:05:53","guid":{"rendered":"http:\/\/www.maxschoenherr.de\/clock\/?p=1155"},"modified":"2014-04-16T22:09:56","modified_gmt":"2014-04-16T20:09:56","slug":"ddr-rockband-karat-1984-in-meiner-sendung","status":"publish","type":"post","link":"https:\/\/www.maxschoenherr.de\/clock\/ddr-rockband-karat-1984-in-meiner-sendung\/","title":{"rendered":"DDR-Rockband Karat | 1984 in meiner sendung"},"content":{"rendered":"<p style=\"text-align: center;\"><a href=\"http:\/\/www.maxschoenherr.de\/clock\/wp-content\/uploads\/2014\/04\/Karat-live-Patrick-Baumbach.jpg\"><img loading=\"lazy\" decoding=\"async\" class=\"aligncenter size-medium wp-image-1157\" alt=\"Karat live - Patrick Baumbach\" src=\"http:\/\/www.maxschoenherr.de\/clock\/wp-content\/uploads\/2014\/04\/Karat-live-Patrick-Baumbach-300x225.jpg\" width=\"300\" height=\"225\" srcset=\"https:\/\/www.maxschoenherr.de\/clock\/wp-content\/uploads\/2014\/04\/Karat-live-Patrick-Baumbach-300x225.jpg 300w, https:\/\/www.maxschoenherr.de\/clock\/wp-content\/uploads\/2014\/04\/Karat-live-Patrick-Baumbach.jpg 780w\" sizes=\"auto, (max-width: 300px) 100vw, 300px\" \/><\/a><em>karat 2005, fotografiert von patrick baumbach f\u00fcr die wiki commons<\/em><\/p>\n<p>im februar 1984 moderierte ich schon etwa zwei jahre regelm\u00e4\u00dfig die musiksendung im BR-<a title=\"z\u00fcndfunk in der wikipedia\" href=\"https:\/\/de.wikipedia.org\/wiki\/Z%C3%BCndfunk\" target=\"_blank\">z\u00fcndfunk<\/a> am freitag. damals stellte ich vor allem neuerscheinungen aus dem sagen wir mal progressiven rock vor. dazu geh\u00f6rten sicher nicht peter maffay und die DDR-band karat. und dann kam die anfrage: karat ist in m\u00fcnchen, wollt ihr die band nicht in den z\u00fcndfunk einladen? ich sagte ungern zu, weil der deal war, nicht \u00fcber politik zu reden. und so war das gespr\u00e4ch denn auch etwas verklemmt und eierte um den hei\u00dfen brei herum. anfangs sprechen wir \u00fcber den karat-song &#8222;<a title=\"\u00fcber sieben br\u00fccken musst du gehen in der wikipedia\" href=\"https:\/\/de.wikipedia.org\/wiki\/%C3%9Cber_sieben_Br%C3%BCcken_mu%C3%9Ft_du_gehn\" target=\"_blank\">\u00fcber sieben br\u00fccken musst du gehen<\/a>&#8220; (ein hit von peter maffay), und wo bei einer aussage wie &#8222;wenn du ausdauer hast, wird&#8217;s schon irgendwie ins paradies gehen&#8220; der klassenkampf bliebe? die antwort war: das ist ein altes polnisches m\u00e4rchen, nichts weiter.<\/p>\n<p>aus dem mitschnitt vom 17. februar 1984 habe ich jetzt die musiken weitgehend eleminiert, weil ich mit dieser webseite nicht in lizenzschwierigkeiten geraten m\u00f6chte.<\/p>\n<p style=\"text-align: center;\">\u00a0<audio width=\"400\" height=\"32\" controls=\"controls\"><source src=\"http:\/\/www.maxschoenherr.de\/radio\/Karat 17.2.1984 Zuendfunk.mp3\" type=\"audio\/mp3\" \/><!--fallback--><br \/>\nWenn Sie das nicht abspielen k\u00f6nnen, fehlt Ihrem Browser HTML5.<\/audio><\/p>\n<p style=\"text-align: center;\"><em>karat in der BR\/z\u00fcndfunk-sendung vom 17. februar 1984<br \/>\n<\/em><\/p>\n","protected":false},"excerpt":{"rendered":"<p>karat 2005, fotografiert von patrick baumbach f\u00fcr die wiki commons im februar 1984 moderierte ich schon etwa zwei jahre regelm\u00e4\u00dfig die musiksendung im BR-z\u00fcndfunk am freitag. damals stellte ich vor allem neuerscheinungen aus dem sagen wir mal progressiven rock vor. dazu geh\u00f6rten sicher nicht peter maffay und die DDR-band karat. und dann kam die anfrage: [&hellip;]<\/p>\n","protected":false},"author":2,"featured_media":0,"comment_status":"closed","ping_status":"open","sticky":false,"template":"","format":"standard","meta":{"footnotes":""},"categories":[4],"tags":[495,11,493,494,48],"class_list":["post-1155","post","type-post","status-publish","format-standard","hentry","category-dramolette","tag-495","tag-ddr","tag-karat","tag-rockband","tag-rundfunk"],"wp-worthy-pixel":{"ignored":false,"public":null,"server":null,"url":null},"wp-worthy-type":"normal","_links":{"self":[{"href":"https:\/\/www.maxschoenherr.de\/clock\/wp-json\/wp\/v2\/posts\/1155","targetHints":{"allow":["GET"]}}],"collection":[{"href":"https:\/\/www.maxschoenherr.de\/clock\/wp-json\/wp\/v2\/posts"}],"about":[{"href":"https:\/\/www.maxschoenherr.de\/clock\/wp-json\/wp\/v2\/types\/post"}],"author":[{"embeddable":true,"href":"https:\/\/www.maxschoenherr.de\/clock\/wp-json\/wp\/v2\/users\/2"}],"replies":[{"embeddable":true,"href":"https:\/\/www.maxschoenherr.de\/clock\/wp-json\/wp\/v2\/comments?post=1155"}],"version-history":[{"count":4,"href":"https:\/\/www.maxschoenherr.de\/clock\/wp-json\/wp\/v2\/posts\/1155\/revisions"}],"predecessor-version":[{"id":1162,"href":"https:\/\/www.maxschoenherr.de\/clock\/wp-json\/wp\/v2\/posts\/1155\/revisions\/1162"}],"wp:attachment":[{"href":"https:\/\/www.maxschoenherr.de\/clock\/wp-json\/wp\/v2\/media?parent=1155"}],"wp:term":[{"taxonomy":"category","embeddable":true,"href":"https:\/\/www.maxschoenherr.de\/clock\/wp-json\/wp\/v2\/categories?post=1155"},{"taxonomy":"post_tag","embeddable":true,"href":"https:\/\/www.maxschoenherr.de\/clock\/wp-json\/wp\/v2\/tags?post=1155"}],"curies":[{"name":"wp","href":"https:\/\/api.w.org\/{rel}","templated":true}]}}