{"id":11340,"date":"2020-11-07T13:34:43","date_gmt":"2020-11-07T11:34:43","guid":{"rendered":"https:\/\/www.maxschoenherr.de\/clock\/?p=11340"},"modified":"2020-11-07T13:34:44","modified_gmt":"2020-11-07T11:34:44","slug":"koeln-waidmarkt-nov-2020","status":"publish","type":"post","link":"https:\/\/www.maxschoenherr.de\/clock\/koeln-waidmarkt-nov-2020\/","title":{"rendered":"k\u00f6ln waidmarkt | nov 2020"},"content":{"rendered":"\n<p class=\"has-text-align-left\">dieses foto besteht aus sechs einzelaufnahmen meiner fotodrohne, aus etwa 250 metern h\u00f6he, selbstverst\u00e4ndlich in absprache mit der deutschen flugsicherung. die hier horizontal abgebildete stra\u00dfe ist der waidmarkt, der links in die severinstra\u00dfe \u00fcbergeht und rechts in die innenstadt f\u00fchrt. das hervorgehobene gebiet ist das gel\u00e4nde des 2009 eingest\u00fcrzten historischen archivs der stadt k\u00f6ln. die spurensicherung im so genannten &#8222;besichtigungsbauwerk&#8220; sind nach 11 jahren abgeschlossen, die urteile gesprochen. jetzt macht sich die stadt an die wieder instandsetzung der umstrittenen nord-s\u00fcd-bahn, deren bau durch den einsturz j\u00e4h unterbrochen wurde. dazu entsteht zun\u00e4chst eine neue br\u00fccke, die den improvisierten zickzack-stra\u00dfenverlauf des waidmarkts begradigt. daf\u00fcr wurde die stra\u00dfe anfang november f\u00fcr l\u00e4ngere zeit f\u00fcr den verkehr (auch f\u00fcr fahrr\u00e4der) gesperrt.<\/p>\n\n\n\n<div class=\"wp-block-image\"><figure class=\"aligncenter size-large\"><a href=\"https:\/\/www.maxschoenherr.de\/clock\/wp-content\/uploads\/2020\/11\/waidmarktNov2020.jpg\"><img loading=\"lazy\" decoding=\"async\" width=\"1024\" height=\"664\" src=\"https:\/\/www.maxschoenherr.de\/clock\/wp-content\/uploads\/2020\/11\/waidmarktNov2020-1024x664.jpg\" alt=\"\" class=\"wp-image-11341\" srcset=\"https:\/\/www.maxschoenherr.de\/clock\/wp-content\/uploads\/2020\/11\/waidmarktNov2020-1024x664.jpg 1024w, https:\/\/www.maxschoenherr.de\/clock\/wp-content\/uploads\/2020\/11\/waidmarktNov2020-300x194.jpg 300w, https:\/\/www.maxschoenherr.de\/clock\/wp-content\/uploads\/2020\/11\/waidmarktNov2020-768x498.jpg 768w, https:\/\/www.maxschoenherr.de\/clock\/wp-content\/uploads\/2020\/11\/waidmarktNov2020-1536x996.jpg 1536w, https:\/\/www.maxschoenherr.de\/clock\/wp-content\/uploads\/2020\/11\/waidmarktNov2020.jpg 1600w\" sizes=\"auto, (max-width: 1024px) 100vw, 1024px\" \/><\/a><figcaption><em>foto: ms\/dpa, pictureAlliance<\/em><\/figcaption><\/figure><\/div>\n\n\n\n<p class=\"has-text-align-left\">zur weiteren orientierung: oben schlie\u00dft sich das friedrich-wilhelm-gymnasium an, links ist der im sommer 2020 fertig gestellte &#8222;vielvrings&#8220;-wohnkomplex zu sehen, rechts die kirche s.t georg und unten rechts die kaiserin-augusta-schule.<\/p>\n","protected":false},"excerpt":{"rendered":"<p>dieses foto besteht aus sechs einzelaufnahmen meiner fotodrohne, aus etwa 250 metern h\u00f6he, selbstverst\u00e4ndlich in absprache mit der deutschen flugsicherung. die hier horizontal abgebildete stra\u00dfe ist der waidmarkt, der links in die severinstra\u00dfe \u00fcbergeht und rechts in die innenstadt f\u00fchrt. das hervorgehobene gebiet ist das gel\u00e4nde des 2009 eingest\u00fcrzten historischen archivs der stadt k\u00f6ln. die [&hellip;]<\/p>\n","protected":false},"author":2,"featured_media":0,"comment_status":"closed","ping_status":"closed","sticky":false,"template":"","format":"standard","meta":{"footnotes":""},"categories":[1],"tags":[],"class_list":["post-11340","post","type-post","status-publish","format-standard","hentry","category-allgemein"],"wp-worthy-pixel":{"ignored":false,"public":null,"server":null,"url":null},"wp-worthy-type":"normal","_links":{"self":[{"href":"https:\/\/www.maxschoenherr.de\/clock\/wp-json\/wp\/v2\/posts\/11340","targetHints":{"allow":["GET"]}}],"collection":[{"href":"https:\/\/www.maxschoenherr.de\/clock\/wp-json\/wp\/v2\/posts"}],"about":[{"href":"https:\/\/www.maxschoenherr.de\/clock\/wp-json\/wp\/v2\/types\/post"}],"author":[{"embeddable":true,"href":"https:\/\/www.maxschoenherr.de\/clock\/wp-json\/wp\/v2\/users\/2"}],"replies":[{"embeddable":true,"href":"https:\/\/www.maxschoenherr.de\/clock\/wp-json\/wp\/v2\/comments?post=11340"}],"version-history":[{"count":2,"href":"https:\/\/www.maxschoenherr.de\/clock\/wp-json\/wp\/v2\/posts\/11340\/revisions"}],"predecessor-version":[{"id":11343,"href":"https:\/\/www.maxschoenherr.de\/clock\/wp-json\/wp\/v2\/posts\/11340\/revisions\/11343"}],"wp:attachment":[{"href":"https:\/\/www.maxschoenherr.de\/clock\/wp-json\/wp\/v2\/media?parent=11340"}],"wp:term":[{"taxonomy":"category","embeddable":true,"href":"https:\/\/www.maxschoenherr.de\/clock\/wp-json\/wp\/v2\/categories?post=11340"},{"taxonomy":"post_tag","embeddable":true,"href":"https:\/\/www.maxschoenherr.de\/clock\/wp-json\/wp\/v2\/tags?post=11340"}],"curies":[{"name":"wp","href":"https:\/\/api.w.org\/{rel}","templated":true}]}}