{"id":11251,"date":"2020-09-05T21:01:07","date_gmt":"2020-09-05T19:01:07","guid":{"rendered":"https:\/\/www.maxschoenherr.de\/clock\/?p=11251"},"modified":"2020-09-07T11:26:38","modified_gmt":"2020-09-07T09:26:38","slug":"merzenich-brot","status":"publish","type":"post","link":"https:\/\/www.maxschoenherr.de\/clock\/merzenich-brot\/","title":{"rendered":"merzenich | brot"},"content":{"rendered":"\n<div class=\"wp-block-image\"><figure class=\"aligncenter size-large\"><img loading=\"lazy\" decoding=\"async\" width=\"1024\" height=\"563\" src=\"https:\/\/www.maxschoenherr.de\/clock\/wp-content\/uploads\/2020\/09\/7ADE42DB-05E3-436D-9E3E-5A5A4F5AE631-1024x563.jpeg\" alt=\"\" class=\"wp-image-11252\" srcset=\"https:\/\/www.maxschoenherr.de\/clock\/wp-content\/uploads\/2020\/09\/7ADE42DB-05E3-436D-9E3E-5A5A4F5AE631-1024x563.jpeg 1024w, https:\/\/www.maxschoenherr.de\/clock\/wp-content\/uploads\/2020\/09\/7ADE42DB-05E3-436D-9E3E-5A5A4F5AE631-300x165.jpeg 300w, https:\/\/www.maxschoenherr.de\/clock\/wp-content\/uploads\/2020\/09\/7ADE42DB-05E3-436D-9E3E-5A5A4F5AE631-768x422.jpeg 768w, https:\/\/www.maxschoenherr.de\/clock\/wp-content\/uploads\/2020\/09\/7ADE42DB-05E3-436D-9E3E-5A5A4F5AE631-1536x845.jpeg 1536w, https:\/\/www.maxschoenherr.de\/clock\/wp-content\/uploads\/2020\/09\/7ADE42DB-05E3-436D-9E3E-5A5A4F5AE631-2048x1127.jpeg 2048w\" sizes=\"auto, (max-width: 1024px) 100vw, 1024px\" \/><figcaption><em>merzenich-zentrale k\u00f6ln niehl<\/em><\/figcaption><\/figure><\/div>\n\n\n\n<p class=\"has-text-align-left\">ich habe k\u00fcrzlich ein sehr lecker aussehendes dinkelbaguette bei der gr\u00f6\u00dften k\u00f6lner b\u00e4ckerkette gekauft, n\u00e4mlich bei merzenich. der traditionsbetrieb, urspr\u00fcnglich aus der eifel, hebt sich von den niedrigpreis-b\u00e4ckereien positiv ab. die so genannten <em>handgemachten br\u00f6tchen<\/em> schmecken besser als der in anderen b\u00e4ckereiketten \u00fcbliiche schnitt, und sie schmecken auch am n\u00e4chsten tag. ich bin das seit langem von biobr\u00f6tchen gewohnt, aber f\u00fcr konventionelle gro\u00dfb\u00e4ckereien ist das schon gut. die belegten br\u00f6tchen sind auch lecker. nichts davon ist bio.  merzenich hat 800 mitarbeiter, davon die meisten im vertrieb und verkauf. etwa 100 arbeiten in der zentrale, wo auch alle teige entstehen.<\/p>\n\n\n\n<p class=\"has-text-align-left\">das dinkelbaguette war ein reinfall. das brot sah mit seinen vielen k\u00f6rnern auf der kruste so interessant aus \u2013 und schmeckte so fad (und gar nicht nach dinkel), dass wir uns die ingredienzien ansahen. sie fanden sich auf der homepage. bei der gelegenheit warfen wir auch einen blick auf andere brote dieses b\u00e4ckereibetriebs, etwa auf das ur-roggen. neben roggenmehl finden sich da:<\/p>\n\n\n\n<p class=\"has-text-align-left\"><em>weizenmehl, weizenkleber, mehlbehandlungsmittel, margarine, ascorbins\u00e4ure, enzyme, beta-carotin, kondensmilch, zucker, raps\u00f6l, sonnenblumenlecithin und mehr.<\/em><\/p>\n\n\n\n<p class=\"has-text-align-left\">nachdem ich <a href=\"https:\/\/www.maxschoenherr.de\/clock\/dreistufiger-roggen-sauerteig\/\" data-type=\"post\" data-id=\"7840\">selber seit einigen jahren brot backe<\/a>, wei\u00df ich, dass ein \u201cur-roggen\u201d-brot genau vier dinge braucht: roggenmehl, hefe oder sauerteig, wasser, salz. was bitte hat margarine in einem roggenbrot zu suchen? zucker? warum weizenkleber in einem ur-roggen? kondensmilch?<\/p>\n\n\n\n<p class=\"has-text-align-left\">ich schrieb der b\u00e4ckerei eine email mit genau diesen fragen. und bekam eine antwort, die zu einem treffen mit den chefs in der zentrale f\u00fchrte. peter otten (von beruf her b\u00e4cker) und nicole magiera und ich sprachen eine gute halbe stunde \u00fcber brotbacken. das dinkelbaguette m\u00fcsse man \u00fcberdenken. und was das ur-roggen angehe: kondensmilch und margarine seien geschmackstr\u00e4ger und w\u00fcrden seit \u00fcber hundert jahren in brot verbacken. man backe bei merzenich brote nach geschmack und vertr\u00e4glichkeit. immer fiel auch das wort \u201cgeschmeidig\u201d.<\/p>\n\n\n\n<p class=\"has-text-align-left\">die beiden gaben mir eins ihrer lieblingsbrote mit, ein frisch gebackenes mischbrot mit walnuss.<\/p>\n\n\n\n<div class=\"wp-block-image\"><figure class=\"aligncenter size-large\"><a href=\"https:\/\/www.maxschoenherr.de\/clock\/wp-content\/uploads\/2020\/09\/165A3CF8-A02E-4483-90F1-D02BC3CFB694-scaled.jpeg\"><img loading=\"lazy\" decoding=\"async\" width=\"1024\" height=\"685\" src=\"https:\/\/www.maxschoenherr.de\/clock\/wp-content\/uploads\/2020\/09\/165A3CF8-A02E-4483-90F1-D02BC3CFB694-1024x685.jpeg\" alt=\"\" class=\"wp-image-11253\" srcset=\"https:\/\/www.maxschoenherr.de\/clock\/wp-content\/uploads\/2020\/09\/165A3CF8-A02E-4483-90F1-D02BC3CFB694-1024x685.jpeg 1024w, https:\/\/www.maxschoenherr.de\/clock\/wp-content\/uploads\/2020\/09\/165A3CF8-A02E-4483-90F1-D02BC3CFB694-300x201.jpeg 300w, https:\/\/www.maxschoenherr.de\/clock\/wp-content\/uploads\/2020\/09\/165A3CF8-A02E-4483-90F1-D02BC3CFB694-768x514.jpeg 768w, https:\/\/www.maxschoenherr.de\/clock\/wp-content\/uploads\/2020\/09\/165A3CF8-A02E-4483-90F1-D02BC3CFB694-1536x1027.jpeg 1536w, https:\/\/www.maxschoenherr.de\/clock\/wp-content\/uploads\/2020\/09\/165A3CF8-A02E-4483-90F1-D02BC3CFB694-2048x1370.jpeg 2048w\" sizes=\"auto, (max-width: 1024px) 100vw, 1024px\" \/><\/a><figcaption><em>brot mit kondensmilch<\/em><\/figcaption><\/figure><\/div>\n\n\n\n<p class=\"has-text-align-left\">dieses \u201dberner walnussbrot\u201c zierte meinen fr\u00fchst\u00fccksteller am n\u00e4chsten morgen. es sah im anschnitt erstaunlich einladend aus, n\u00e4mlich mit einer feinen porung und vor allem einer tief nach innen wandernden kruste. diese wird laut otten (und das kann ich nachvollziehen) durch einen langen backprozess erreicht. meine privaten brote backen ziemlich genau eine stunde, die von merzenich doppelt so lang.<\/p>\n\n\n\n<div class=\"wp-block-image\"><figure class=\"aligncenter size-large\"><a href=\"https:\/\/www.maxschoenherr.de\/clock\/wp-content\/uploads\/2020\/09\/58A6DC31-F1F1-4E9B-BA94-9F8BF7FE0386-scaled.jpeg\"><img loading=\"lazy\" decoding=\"async\" width=\"1024\" height=\"768\" src=\"https:\/\/www.maxschoenherr.de\/clock\/wp-content\/uploads\/2020\/09\/58A6DC31-F1F1-4E9B-BA94-9F8BF7FE0386-1024x768.jpeg\" alt=\"\" class=\"wp-image-11254\" srcset=\"https:\/\/www.maxschoenherr.de\/clock\/wp-content\/uploads\/2020\/09\/58A6DC31-F1F1-4E9B-BA94-9F8BF7FE0386-1024x768.jpeg 1024w, https:\/\/www.maxschoenherr.de\/clock\/wp-content\/uploads\/2020\/09\/58A6DC31-F1F1-4E9B-BA94-9F8BF7FE0386-300x225.jpeg 300w, https:\/\/www.maxschoenherr.de\/clock\/wp-content\/uploads\/2020\/09\/58A6DC31-F1F1-4E9B-BA94-9F8BF7FE0386-768x576.jpeg 768w, https:\/\/www.maxschoenherr.de\/clock\/wp-content\/uploads\/2020\/09\/58A6DC31-F1F1-4E9B-BA94-9F8BF7FE0386-1536x1152.jpeg 1536w, https:\/\/www.maxschoenherr.de\/clock\/wp-content\/uploads\/2020\/09\/58A6DC31-F1F1-4E9B-BA94-9F8BF7FE0386-2048x1536.jpeg 2048w\" sizes=\"auto, (max-width: 1024px) 100vw, 1024px\" \/><\/a><figcaption><em>walnussbrot im anschnitt. foto: ms<\/em><\/figcaption><\/figure><\/div>\n\n\n\n<p class=\"has-text-align-left\">das brot war aber leider eine geschmackliche kathastrophe. es schmeckte nach n\u00fcssen und sonst nichts. fr\u00fcher h\u00e4tte man gesagt: pappe. die meisten kunden, die dieses brot lieben, kaufen es laut den CEOs geschnitten, und zwar nur ein paar scheiben. die sehen im laden immer sehr ansprechend aus. und frisch verspeist schmecken sie bestimmt auch lecker. aber beim brot kommt die wahrheit einen tag sp\u00e4ter. (meine selbstgebackenen sauerteigbrote schmecken auch nach 10 tagen noch prima, die roggensauerteigbrote sogar von tag zu tag immer besser. genau so kenne ich es aus franken, wo der sauerteig-roggen quasi zur muttermilch geh\u00f6rt.)<\/p>\n\n\n\n<p class=\"has-text-align-left\">der grund f\u00fcr dieses fiasko, was auf praktisch alle industriebrote zutrifft, ist die schnelle teigf\u00fchrung. man hat angesichts der gro\u00dfen produktionsdichte keine zeit, dem teig viel zeit zu lassen, ihn mit der hand zu falten und weiter \u201dgehen\u201d zu lassen. es gibt in der traditionellen backkunst den begriff der teigruhe. weil daf\u00fcr keine zeit ist, setzt man enzyme und backtriebmittel ein. und um den faden geschmack aufzupeppen, kommen eben kondensmilch, malz und in diesem fall n\u00fcsse hinzu. die \u201dhandgemachten\u201d merzenich br\u00f6tchen sind daf\u00fcr ein beispiel. sie stechen positiv heraus.<\/p>\n\n\n\n<p class=\"has-text-align-left\">warum aber schmecken die merzenich-brote backfrisch so lecker? lutz gei\u00dfler, geologe und mit dem bl\u00f6tzblog zum au\u00dfergew\u00f6hnlichen brotback-instruktor geworden, \u00f6ffnete mir die augen hierzu: er meinte einmal, frische kruste schmecke immer.<\/p>\n\n\n\n<div class=\"wp-block-image\"><figure class=\"aligncenter size-large is-resized\"><a href=\"https:\/\/www.maxschoenherr.de\/clock\/wp-content\/uploads\/2020\/09\/dreiScheibenWeizenSauer.jpg\"><img loading=\"lazy\" decoding=\"async\" src=\"https:\/\/www.maxschoenherr.de\/clock\/wp-content\/uploads\/2020\/09\/dreiScheibenWeizenSauer.jpg\" alt=\"\" class=\"wp-image-11270\" width=\"400\" height=\"400\" srcset=\"https:\/\/www.maxschoenherr.de\/clock\/wp-content\/uploads\/2020\/09\/dreiScheibenWeizenSauer.jpg 1000w, https:\/\/www.maxschoenherr.de\/clock\/wp-content\/uploads\/2020\/09\/dreiScheibenWeizenSauer-300x300.jpg 300w, https:\/\/www.maxschoenherr.de\/clock\/wp-content\/uploads\/2020\/09\/dreiScheibenWeizenSauer-768x768.jpg 768w\" sizes=\"auto, (max-width: 400px) 100vw, 400px\" \/><\/a><figcaption><em>nach 10 tagen noch lecker: mein weizensauerteigvollkornbrot<\/em><\/figcaption><\/figure><\/div>\n\n\n\n<p class=\"has-text-align-left\">zur\u00fcck zu merzenich im norden von k\u00f6ln: nach dem sehr offenen, sympathischen gespr\u00e4ch stieg ich mit meiner drohne in die h\u00f6he. nicht, um die b\u00e4ckerei aufzunehmen, sondern das niehler ei. jetzt in den <a href=\"https:\/\/commons.wikimedia.org\/wiki\/File:Das_Niehler_Ei_%E2%80%93_360%C2%B0-Foto_aus_der_Luft_%E2%80%93_September_2020.jpg\" data-type=\"URL\" data-id=\"https:\/\/commons.wikimedia.org\/wiki\/File:Das_Niehler_Ei_%E2%80%93_360%C2%B0-Foto_aus_der_Luft_%E2%80%93_September_2020.jpg\">wikimedia commons<\/a>, also frei verf\u00fcgbar. (bitte zum richtigen betrachten den 360\u00b0-link anklicken!)<\/p>\n\n\n\n<figure class=\"wp-block-image size-large\"><a href=\"https:\/\/panoviewer.toolforge.org\/#Das_Niehler_Ei_%E2%80%93_360%C2%B0-Foto_aus_der_Luft_%E2%80%93_September_2020.jpg\"><img loading=\"lazy\" decoding=\"async\" width=\"1024\" height=\"662\" src=\"https:\/\/www.maxschoenherr.de\/clock\/wp-content\/uploads\/2020\/09\/5440BE98-AFFE-4624-859E-51496F028CDE-1024x662.jpeg\" alt=\"\" class=\"wp-image-11259\" srcset=\"https:\/\/www.maxschoenherr.de\/clock\/wp-content\/uploads\/2020\/09\/5440BE98-AFFE-4624-859E-51496F028CDE-1024x662.jpeg 1024w, https:\/\/www.maxschoenherr.de\/clock\/wp-content\/uploads\/2020\/09\/5440BE98-AFFE-4624-859E-51496F028CDE-300x194.jpeg 300w, https:\/\/www.maxschoenherr.de\/clock\/wp-content\/uploads\/2020\/09\/5440BE98-AFFE-4624-859E-51496F028CDE-768x496.jpeg 768w, https:\/\/www.maxschoenherr.de\/clock\/wp-content\/uploads\/2020\/09\/5440BE98-AFFE-4624-859E-51496F028CDE-1536x992.jpeg 1536w, https:\/\/www.maxschoenherr.de\/clock\/wp-content\/uploads\/2020\/09\/5440BE98-AFFE-4624-859E-51496F028CDE-2048x1323.jpeg 2048w\" sizes=\"auto, (max-width: 1024px) 100vw, 1024px\" \/><\/a><figcaption><em>b\u00e4ckerei merzenich von oben. foto: ms<\/em><\/figcaption><\/figure>\n","protected":false},"excerpt":{"rendered":"<p>ich habe k\u00fcrzlich ein sehr lecker aussehendes dinkelbaguette bei der gr\u00f6\u00dften k\u00f6lner b\u00e4ckerkette gekauft, n\u00e4mlich bei merzenich. der traditionsbetrieb, urspr\u00fcnglich aus der eifel, hebt sich von den niedrigpreis-b\u00e4ckereien positiv ab. die so genannten handgemachten br\u00f6tchen schmecken besser als der in anderen b\u00e4ckereiketten \u00fcbliiche schnitt, und sie schmecken auch am n\u00e4chsten tag. ich bin das seit [&hellip;]<\/p>\n","protected":false},"author":2,"featured_media":0,"comment_status":"closed","ping_status":"closed","sticky":false,"template":"","format":"standard","meta":{"footnotes":""},"categories":[1],"tags":[],"class_list":["post-11251","post","type-post","status-publish","format-standard","hentry","category-allgemein"],"wp-worthy-pixel":{"ignored":false,"public":"6165e1a654334c7f9b57e2da88fed087","server":"vg02.met.vgwort.de","url":"https:\/\/vg02.met.vgwort.de\/na\/6165e1a654334c7f9b57e2da88fed087"},"wp-worthy-type":"normal","_links":{"self":[{"href":"https:\/\/www.maxschoenherr.de\/clock\/wp-json\/wp\/v2\/posts\/11251","targetHints":{"allow":["GET"]}}],"collection":[{"href":"https:\/\/www.maxschoenherr.de\/clock\/wp-json\/wp\/v2\/posts"}],"about":[{"href":"https:\/\/www.maxschoenherr.de\/clock\/wp-json\/wp\/v2\/types\/post"}],"author":[{"embeddable":true,"href":"https:\/\/www.maxschoenherr.de\/clock\/wp-json\/wp\/v2\/users\/2"}],"replies":[{"embeddable":true,"href":"https:\/\/www.maxschoenherr.de\/clock\/wp-json\/wp\/v2\/comments?post=11251"}],"version-history":[{"count":10,"href":"https:\/\/www.maxschoenherr.de\/clock\/wp-json\/wp\/v2\/posts\/11251\/revisions"}],"predecessor-version":[{"id":11273,"href":"https:\/\/www.maxschoenherr.de\/clock\/wp-json\/wp\/v2\/posts\/11251\/revisions\/11273"}],"wp:attachment":[{"href":"https:\/\/www.maxschoenherr.de\/clock\/wp-json\/wp\/v2\/media?parent=11251"}],"wp:term":[{"taxonomy":"category","embeddable":true,"href":"https:\/\/www.maxschoenherr.de\/clock\/wp-json\/wp\/v2\/categories?post=11251"},{"taxonomy":"post_tag","embeddable":true,"href":"https:\/\/www.maxschoenherr.de\/clock\/wp-json\/wp\/v2\/tags?post=11251"}],"curies":[{"name":"wp","href":"https:\/\/api.w.org\/{rel}","templated":true}]}}