{"id":11247,"date":"2020-09-02T00:43:39","date_gmt":"2020-09-01T22:43:39","guid":{"rendered":"https:\/\/www.maxschoenherr.de\/clock\/?p=11247"},"modified":"2020-09-02T00:59:30","modified_gmt":"2020-09-01T22:59:30","slug":"meinhof-bildfahndung-1970","status":"publish","type":"post","link":"https:\/\/www.maxschoenherr.de\/clock\/meinhof-bildfahndung-1970\/","title":{"rendered":"meinhof | bildfahndung 1970"},"content":{"rendered":"\n<p class=\"has-text-align-left\">die journalistin ulrike meinhof und mit-gr\u00fcnderin der roten armee fraktion RAF fragte 1970 bei DDR-beh\u00f6rden in ost-berlin an, ob die RAF von DDR-seite aus operieren konnte. die DDR lehnte ab. um frau meinhof f\u00fcrderhin von der nutzung des grenz\u00fcbertritts in die DDR abzuhalten, wurde eine bildfahndung initiiert. dieses dokument findet sich bei der \u2192 <a href=\"https:\/\/www.stasi-mediathek.de\/medien\/bildfahndung-zu-ulrike-meinhof\/blatt\/22\/\" data-type=\"URL\" data-id=\"https:\/\/www.stasi-mediathek.de\/medien\/bildfahndung-zu-ulrike-meinhof\/blatt\/22\/\">stasi-unterlagen-beh\u00f6rde BStU<\/a>.<\/p>\n\n\n\n<div class=\"wp-block-image\"><figure class=\"aligncenter size-large\"><a href=\"https:\/\/www.maxschoenherr.de\/clock\/wp-content\/uploads\/2020\/09\/ulrikeMeinhofFahndungDDR1970.jpg\"><img loading=\"lazy\" decoding=\"async\" width=\"1000\" height=\"690\" src=\"https:\/\/www.maxschoenherr.de\/clock\/wp-content\/uploads\/2020\/09\/ulrikeMeinhofFahndungDDR1970.jpg\" alt=\"\" class=\"wp-image-11248\" srcset=\"https:\/\/www.maxschoenherr.de\/clock\/wp-content\/uploads\/2020\/09\/ulrikeMeinhofFahndungDDR1970.jpg 1000w, https:\/\/www.maxschoenherr.de\/clock\/wp-content\/uploads\/2020\/09\/ulrikeMeinhofFahndungDDR1970-300x207.jpg 300w, https:\/\/www.maxschoenherr.de\/clock\/wp-content\/uploads\/2020\/09\/ulrikeMeinhofFahndungDDR1970-768x530.jpg 768w\" sizes=\"auto, (max-width: 1000px) 100vw, 1000px\" \/><\/a><\/figure><\/div>\n\n\n\n<p>genau genommen \u00fcberschritt sie am 18. august 1970 unter falschem namen und mit gef\u00e4lschtem pass die grenze berlin\/friedrichstra\u00dfe, begab sich zum FDJ-hauptsitz unter den linden und sprach 20 minuten mit dem FDJ-sekret\u00e4r erich rauh. sie wollte mit funktion\u00e4ren der SED sprechen, rauh meinte, das k\u00f6nne er nicht vermitteln. sie fragte, was sie im falle einer verhaftung an der grenze tun solle? rauh antwortete: wenn sie schon mit gef\u00e4lschten papieren eingereist sei, m\u00fcsse sie selber sehen, wo sie bleibe.<\/p>\n","protected":false},"excerpt":{"rendered":"<p>die journalistin ulrike meinhof und mit-gr\u00fcnderin der roten armee fraktion RAF fragte 1970 bei DDR-beh\u00f6rden in ost-berlin an, ob die RAF von DDR-seite aus operieren konnte. die DDR lehnte ab. um frau meinhof f\u00fcrderhin von der nutzung des grenz\u00fcbertritts in die DDR abzuhalten, wurde eine bildfahndung initiiert. dieses dokument findet sich bei der \u2192 stasi-unterlagen-beh\u00f6rde [&hellip;]<\/p>\n","protected":false},"author":2,"featured_media":0,"comment_status":"closed","ping_status":"closed","sticky":false,"template":"","format":"standard","meta":{"footnotes":""},"categories":[1],"tags":[],"class_list":["post-11247","post","type-post","status-publish","format-standard","hentry","category-allgemein"],"wp-worthy-pixel":{"ignored":false,"public":null,"server":null,"url":null},"wp-worthy-type":"normal","_links":{"self":[{"href":"https:\/\/www.maxschoenherr.de\/clock\/wp-json\/wp\/v2\/posts\/11247","targetHints":{"allow":["GET"]}}],"collection":[{"href":"https:\/\/www.maxschoenherr.de\/clock\/wp-json\/wp\/v2\/posts"}],"about":[{"href":"https:\/\/www.maxschoenherr.de\/clock\/wp-json\/wp\/v2\/types\/post"}],"author":[{"embeddable":true,"href":"https:\/\/www.maxschoenherr.de\/clock\/wp-json\/wp\/v2\/users\/2"}],"replies":[{"embeddable":true,"href":"https:\/\/www.maxschoenherr.de\/clock\/wp-json\/wp\/v2\/comments?post=11247"}],"version-history":[{"count":2,"href":"https:\/\/www.maxschoenherr.de\/clock\/wp-json\/wp\/v2\/posts\/11247\/revisions"}],"predecessor-version":[{"id":11250,"href":"https:\/\/www.maxschoenherr.de\/clock\/wp-json\/wp\/v2\/posts\/11247\/revisions\/11250"}],"wp:attachment":[{"href":"https:\/\/www.maxschoenherr.de\/clock\/wp-json\/wp\/v2\/media?parent=11247"}],"wp:term":[{"taxonomy":"category","embeddable":true,"href":"https:\/\/www.maxschoenherr.de\/clock\/wp-json\/wp\/v2\/categories?post=11247"},{"taxonomy":"post_tag","embeddable":true,"href":"https:\/\/www.maxschoenherr.de\/clock\/wp-json\/wp\/v2\/tags?post=11247"}],"curies":[{"name":"wp","href":"https:\/\/api.w.org\/{rel}","templated":true}]}}