{"id":108,"date":"2013-07-25T12:37:44","date_gmt":"2013-07-25T10:37:44","guid":{"rendered":"http:\/\/www.maxschoenherr.de\/clock\/?p=108"},"modified":"2013-07-25T12:37:44","modified_gmt":"2013-07-25T10:37:44","slug":"erhohtes-aufkommen-im-individualverkehr","status":"publish","type":"post","link":"https:\/\/www.maxschoenherr.de\/clock\/erhohtes-aufkommen-im-individualverkehr\/","title":{"rendered":"&#8222;erh\u00f6htes aufkommen im individualverkehr&#8220;"},"content":{"rendered":"<p>der zugf\u00fchrer einer k\u00f6lner stadtbahn entschuldigte gestern die versp\u00e4tung mit einem &#8222;erh\u00f6hten aufkommen im individualverkehr&#8220;. das hei\u00dft, er machte die autofahrer, mit denen er sich in k\u00f6ln streckenweise die fahrbahn teilen muss, verantwortlich. <span style=\"color: #999999;\">dabei sind sommerferien.<\/span><\/p>\n","protected":false},"excerpt":{"rendered":"<p>der zugf\u00fchrer einer k\u00f6lner stadtbahn entschuldigte gestern die versp\u00e4tung mit einem &#8222;erh\u00f6hten aufkommen im individualverkehr&#8220;. das hei\u00dft, er machte die autofahrer, mit denen er sich in k\u00f6ln streckenweise die fahrbahn teilen muss, verantwortlich. dabei sind sommerferien.<\/p>\n","protected":false},"author":2,"featured_media":0,"comment_status":"closed","ping_status":"open","sticky":false,"template":"","format":"standard","meta":{"footnotes":""},"categories":[1],"tags":[],"class_list":["post-108","post","type-post","status-publish","format-standard","hentry","category-allgemein"],"wp-worthy-pixel":{"ignored":false,"public":null,"server":null,"url":null},"wp-worthy-type":"normal","_links":{"self":[{"href":"https:\/\/www.maxschoenherr.de\/clock\/wp-json\/wp\/v2\/posts\/108","targetHints":{"allow":["GET"]}}],"collection":[{"href":"https:\/\/www.maxschoenherr.de\/clock\/wp-json\/wp\/v2\/posts"}],"about":[{"href":"https:\/\/www.maxschoenherr.de\/clock\/wp-json\/wp\/v2\/types\/post"}],"author":[{"embeddable":true,"href":"https:\/\/www.maxschoenherr.de\/clock\/wp-json\/wp\/v2\/users\/2"}],"replies":[{"embeddable":true,"href":"https:\/\/www.maxschoenherr.de\/clock\/wp-json\/wp\/v2\/comments?post=108"}],"version-history":[{"count":1,"href":"https:\/\/www.maxschoenherr.de\/clock\/wp-json\/wp\/v2\/posts\/108\/revisions"}],"predecessor-version":[{"id":109,"href":"https:\/\/www.maxschoenherr.de\/clock\/wp-json\/wp\/v2\/posts\/108\/revisions\/109"}],"wp:attachment":[{"href":"https:\/\/www.maxschoenherr.de\/clock\/wp-json\/wp\/v2\/media?parent=108"}],"wp:term":[{"taxonomy":"category","embeddable":true,"href":"https:\/\/www.maxschoenherr.de\/clock\/wp-json\/wp\/v2\/categories?post=108"},{"taxonomy":"post_tag","embeddable":true,"href":"https:\/\/www.maxschoenherr.de\/clock\/wp-json\/wp\/v2\/tags?post=108"}],"curies":[{"name":"wp","href":"https:\/\/api.w.org\/{rel}","templated":true}]}}