{"id":1074,"date":"2014-04-09T21:00:37","date_gmt":"2014-04-09T19:00:37","guid":{"rendered":"http:\/\/www.maxschoenherr.de\/clock\/?p=1074"},"modified":"2014-08-05T16:19:35","modified_gmt":"2014-08-05T14:19:35","slug":"gelb-auf-schwarz","status":"publish","type":"post","link":"https:\/\/www.maxschoenherr.de\/clock\/gelb-auf-schwarz\/","title":{"rendered":"gelb auf schwarz"},"content":{"rendered":"<p style=\"text-align: justify;\">durch zufall habe ich vor zwei, drei jahren ein tiefes schwarz entdeckt, was sich bei bestimmten motiven, die ich fotografiere, gut macht, wie in diesem foto von vorgestern:<\/p>\n<p style=\"text-align: center;\"><a href=\"http:\/\/www.maxschoenherr.de\/clock\/wp-content\/uploads\/2014\/04\/gelbAufSchwarz.jpg\"><img loading=\"lazy\" decoding=\"async\" class=\"aligncenter size-large wp-image-1075\" src=\"http:\/\/www.maxschoenherr.de\/clock\/wp-content\/uploads\/2014\/04\/gelbAufSchwarz-1024x1024.jpg\" alt=\"gelbAufSchwarz\" width=\"640\" height=\"640\" srcset=\"https:\/\/www.maxschoenherr.de\/clock\/wp-content\/uploads\/2014\/04\/gelbAufSchwarz-1024x1024.jpg 1024w, https:\/\/www.maxschoenherr.de\/clock\/wp-content\/uploads\/2014\/04\/gelbAufSchwarz-300x300.jpg 300w, https:\/\/www.maxschoenherr.de\/clock\/wp-content\/uploads\/2014\/04\/gelbAufSchwarz.jpg 1400w\" sizes=\"auto, (max-width: 640px) 100vw, 640px\" \/><\/a><em>gelb auf schwarz. foto: m.s.\/dpa\/picturealliance<\/em><\/p>\n<p style=\"text-align: justify;\">ich erz\u00e4hle sp\u00e4ter bei gelegenheit mal, wie dieses schwarz zustande kommt. mit einem schwarzen bastelkarton geht es n\u00e4mlich nicht. die bl\u00fcten sind \u00fcbrigens winzig, aber das spielt f\u00fcr die bildaussage keine rolle.<\/p>\n","protected":false},"excerpt":{"rendered":"<p>durch zufall habe ich vor zwei, drei jahren ein tiefes schwarz entdeckt, was sich bei bestimmten motiven, die ich fotografiere, gut macht, wie in diesem foto von vorgestern: gelb auf schwarz. foto: m.s.\/dpa\/picturealliance ich erz\u00e4hle sp\u00e4ter bei gelegenheit mal, wie dieses schwarz zustande kommt. mit einem schwarzen bastelkarton geht es n\u00e4mlich nicht. die bl\u00fcten sind [&hellip;]<\/p>\n","protected":false},"author":2,"featured_media":0,"comment_status":"closed","ping_status":"open","sticky":false,"template":"","format":"image","meta":{"footnotes":""},"categories":[1],"tags":[445,446,444,448,447],"class_list":["post-1074","post","type-post","status-publish","format-image","hentry","category-allgemein","tag-blume","tag-bluete","tag-fruehling","tag-gelb","tag-schwarz","post_format-post-format-image"],"wp-worthy-pixel":{"ignored":false,"public":null,"server":null,"url":null},"wp-worthy-type":"normal","_links":{"self":[{"href":"https:\/\/www.maxschoenherr.de\/clock\/wp-json\/wp\/v2\/posts\/1074","targetHints":{"allow":["GET"]}}],"collection":[{"href":"https:\/\/www.maxschoenherr.de\/clock\/wp-json\/wp\/v2\/posts"}],"about":[{"href":"https:\/\/www.maxschoenherr.de\/clock\/wp-json\/wp\/v2\/types\/post"}],"author":[{"embeddable":true,"href":"https:\/\/www.maxschoenherr.de\/clock\/wp-json\/wp\/v2\/users\/2"}],"replies":[{"embeddable":true,"href":"https:\/\/www.maxschoenherr.de\/clock\/wp-json\/wp\/v2\/comments?post=1074"}],"version-history":[{"count":2,"href":"https:\/\/www.maxschoenherr.de\/clock\/wp-json\/wp\/v2\/posts\/1074\/revisions"}],"predecessor-version":[{"id":2555,"href":"https:\/\/www.maxschoenherr.de\/clock\/wp-json\/wp\/v2\/posts\/1074\/revisions\/2555"}],"wp:attachment":[{"href":"https:\/\/www.maxschoenherr.de\/clock\/wp-json\/wp\/v2\/media?parent=1074"}],"wp:term":[{"taxonomy":"category","embeddable":true,"href":"https:\/\/www.maxschoenherr.de\/clock\/wp-json\/wp\/v2\/categories?post=1074"},{"taxonomy":"post_tag","embeddable":true,"href":"https:\/\/www.maxschoenherr.de\/clock\/wp-json\/wp\/v2\/tags?post=1074"}],"curies":[{"name":"wp","href":"https:\/\/api.w.org\/{rel}","templated":true}]}}