{"id":10124,"date":"2019-07-17T14:04:40","date_gmt":"2019-07-17T12:04:40","guid":{"rendered":"http:\/\/www.maxschoenherr.de\/clock\/?p=10124"},"modified":"2019-07-17T14:06:31","modified_gmt":"2019-07-17T12:06:31","slug":"guardian-schwerpunkte","status":"publish","type":"post","link":"https:\/\/www.maxschoenherr.de\/clock\/guardian-schwerpunkte\/","title":{"rendered":"guardian | schwerpunkte"},"content":{"rendered":"\n<p>immer gut zu sehen, wie das &#8222;befreundete ausland&#8220; dinge sieht. der guardian setzt nach ganz oben (1) die entscheidung des US-kongresses gegen die rassistischen \u00e4u\u00dferungen des pr\u00e4sidenten. darunter, mittig (2) deutsche innenpolitik, n\u00e4mlich \u2192 <a href=\"https:\/\/de.wikipedia.org\/wiki\/Annegret_Kramp-Karrenbauer\">annegret kramp-karrenbauer<\/a>, abgek\u00fcrzt mit AKK, samt \u00fcberleitungsfoto, wo sie zusammen mit \u2192 <a href=\"https:\/\/de.wikipedia.org\/wiki\/Ursula_von_der_Leyen\">ursula von der leyen<\/a> abgebildet ist. direkt darunter (3) von der leyens wahl zur Eu-kommissionspr\u00e4sidentin gestern, und rechts davon (4) nochmal der US-pr\u00e4sident und klimawandel.<\/p>\n\n\n\n<div class=\"wp-block-image\"><figure class=\"aligncenter size-large\"><a href=\"http:\/\/www.maxschoenherr.de\/clock\/wp-content\/uploads\/2019\/07\/guardianHeute.jpg\"><img loading=\"lazy\" decoding=\"async\" width=\"1024\" height=\"745\" src=\"http:\/\/www.maxschoenherr.de\/clock\/wp-content\/uploads\/2019\/07\/guardianHeute-1024x745.jpg\" alt=\"\" class=\"wp-image-10125\" srcset=\"https:\/\/www.maxschoenherr.de\/clock\/wp-content\/uploads\/2019\/07\/guardianHeute-1024x745.jpg 1024w, https:\/\/www.maxschoenherr.de\/clock\/wp-content\/uploads\/2019\/07\/guardianHeute-300x218.jpg 300w, https:\/\/www.maxschoenherr.de\/clock\/wp-content\/uploads\/2019\/07\/guardianHeute-768x559.jpg 768w, https:\/\/www.maxschoenherr.de\/clock\/wp-content\/uploads\/2019\/07\/guardianHeute.jpg 1190w\" sizes=\"auto, (max-width: 1024px) 100vw, 1024px\" \/><\/a><figcaption><em>guardian vom 17. juli 2019<\/em><\/figcaption><\/figure><\/div>\n","protected":false},"excerpt":{"rendered":"<p>immer gut zu sehen, wie das &#8222;befreundete ausland&#8220; dinge sieht. der guardian setzt nach ganz oben (1) die entscheidung des US-kongresses gegen die rassistischen \u00e4u\u00dferungen des pr\u00e4sidenten. darunter, mittig (2) deutsche innenpolitik, n\u00e4mlich \u2192 annegret kramp-karrenbauer, abgek\u00fcrzt mit AKK, samt \u00fcberleitungsfoto, wo sie zusammen mit \u2192 ursula von der leyen abgebildet ist. direkt darunter (3) [&hellip;]<\/p>\n","protected":false},"author":2,"featured_media":0,"comment_status":"closed","ping_status":"closed","sticky":false,"template":"","format":"standard","meta":{"footnotes":""},"categories":[1],"tags":[],"class_list":["post-10124","post","type-post","status-publish","format-standard","hentry","category-allgemein"],"wp-worthy-pixel":{"ignored":false,"public":null,"server":null,"url":null},"wp-worthy-type":"normal","_links":{"self":[{"href":"https:\/\/www.maxschoenherr.de\/clock\/wp-json\/wp\/v2\/posts\/10124","targetHints":{"allow":["GET"]}}],"collection":[{"href":"https:\/\/www.maxschoenherr.de\/clock\/wp-json\/wp\/v2\/posts"}],"about":[{"href":"https:\/\/www.maxschoenherr.de\/clock\/wp-json\/wp\/v2\/types\/post"}],"author":[{"embeddable":true,"href":"https:\/\/www.maxschoenherr.de\/clock\/wp-json\/wp\/v2\/users\/2"}],"replies":[{"embeddable":true,"href":"https:\/\/www.maxschoenherr.de\/clock\/wp-json\/wp\/v2\/comments?post=10124"}],"version-history":[{"count":2,"href":"https:\/\/www.maxschoenherr.de\/clock\/wp-json\/wp\/v2\/posts\/10124\/revisions"}],"predecessor-version":[{"id":10127,"href":"https:\/\/www.maxschoenherr.de\/clock\/wp-json\/wp\/v2\/posts\/10124\/revisions\/10127"}],"wp:attachment":[{"href":"https:\/\/www.maxschoenherr.de\/clock\/wp-json\/wp\/v2\/media?parent=10124"}],"wp:term":[{"taxonomy":"category","embeddable":true,"href":"https:\/\/www.maxschoenherr.de\/clock\/wp-json\/wp\/v2\/categories?post=10124"},{"taxonomy":"post_tag","embeddable":true,"href":"https:\/\/www.maxschoenherr.de\/clock\/wp-json\/wp\/v2\/tags?post=10124"}],"curies":[{"name":"wp","href":"https:\/\/api.w.org\/{rel}","templated":true}]}}