{"id":10113,"date":"2019-07-17T00:12:54","date_gmt":"2019-07-16T22:12:54","guid":{"rendered":"http:\/\/www.maxschoenherr.de\/clock\/?p=10113"},"modified":"2019-07-17T00:19:15","modified_gmt":"2019-07-16T22:19:15","slug":"joerg-fauser-1987","status":"publish","type":"post","link":"https:\/\/www.maxschoenherr.de\/clock\/joerg-fauser-1987\/","title":{"rendered":"j\u00f6rg fauser | 1987"},"content":{"rendered":"\n<p>der schriftsteller \u2192 <a href=\"https:\/\/de.wikipedia.org\/wiki\/J%C3%B6rg_Fauser\">j\u00f6rg fauser<\/a> (heute w\u00e4re er 75 jahre alt geworden) war von wenigen gelitten, von uns im BR-z\u00fcndfunk aber schon. ich habe eine \u2192 <a href=\"https:\/\/de.wikipedia.org\/wiki\/Pop_Sunday\">pop sunday<\/a>-sendung mit ihm produziert, und als er im juli 1987 starb, traf uns das wie ein schock, und entsprechend klang vermutlich der nachruf. hier die cassette, mal eben aus meinem regal geholt. hab noch nicht reingeh\u00f6rt:<\/p>\n\n\n\n<div class=\"wp-block-image\"><figure class=\"aligncenter size-large\"><a href=\"http:\/\/www.maxschoenherr.de\/clock\/wp-content\/uploads\/2019\/07\/fauserNachrufCassette1987.jpg\"><img loading=\"lazy\" decoding=\"async\" width=\"1024\" height=\"768\" src=\"http:\/\/www.maxschoenherr.de\/clock\/wp-content\/uploads\/2019\/07\/fauserNachrufCassette1987-1024x768.jpg\" alt=\"\" class=\"wp-image-10114\" srcset=\"https:\/\/www.maxschoenherr.de\/clock\/wp-content\/uploads\/2019\/07\/fauserNachrufCassette1987-1024x768.jpg 1024w, https:\/\/www.maxschoenherr.de\/clock\/wp-content\/uploads\/2019\/07\/fauserNachrufCassette1987-300x225.jpg 300w, https:\/\/www.maxschoenherr.de\/clock\/wp-content\/uploads\/2019\/07\/fauserNachrufCassette1987-768x576.jpg 768w, https:\/\/www.maxschoenherr.de\/clock\/wp-content\/uploads\/2019\/07\/fauserNachrufCassette1987.jpg 1600w\" sizes=\"auto, (max-width: 1024px) 100vw, 1024px\" \/><\/a><figcaption><em><center>nachruf auf fauser, z\u00fcndfunk-mitschnitt<\/center><\/em><\/figcaption><\/figure><\/div>\n","protected":false},"excerpt":{"rendered":"<p>der schriftsteller \u2192 j\u00f6rg fauser (heute w\u00e4re er 75 jahre alt geworden) war von wenigen gelitten, von uns im BR-z\u00fcndfunk aber schon. ich habe eine \u2192 pop sunday-sendung mit ihm produziert, und als er im juli 1987 starb, traf uns das wie ein schock, und entsprechend klang vermutlich der nachruf. hier die cassette, mal eben [&hellip;]<\/p>\n","protected":false},"author":2,"featured_media":0,"comment_status":"closed","ping_status":"closed","sticky":false,"template":"","format":"standard","meta":{"footnotes":""},"categories":[1],"tags":[],"class_list":["post-10113","post","type-post","status-publish","format-standard","hentry","category-allgemein"],"wp-worthy-pixel":{"ignored":false,"public":null,"server":null,"url":null},"wp-worthy-type":"normal","_links":{"self":[{"href":"https:\/\/www.maxschoenherr.de\/clock\/wp-json\/wp\/v2\/posts\/10113","targetHints":{"allow":["GET"]}}],"collection":[{"href":"https:\/\/www.maxschoenherr.de\/clock\/wp-json\/wp\/v2\/posts"}],"about":[{"href":"https:\/\/www.maxschoenherr.de\/clock\/wp-json\/wp\/v2\/types\/post"}],"author":[{"embeddable":true,"href":"https:\/\/www.maxschoenherr.de\/clock\/wp-json\/wp\/v2\/users\/2"}],"replies":[{"embeddable":true,"href":"https:\/\/www.maxschoenherr.de\/clock\/wp-json\/wp\/v2\/comments?post=10113"}],"version-history":[{"count":4,"href":"https:\/\/www.maxschoenherr.de\/clock\/wp-json\/wp\/v2\/posts\/10113\/revisions"}],"predecessor-version":[{"id":10118,"href":"https:\/\/www.maxschoenherr.de\/clock\/wp-json\/wp\/v2\/posts\/10113\/revisions\/10118"}],"wp:attachment":[{"href":"https:\/\/www.maxschoenherr.de\/clock\/wp-json\/wp\/v2\/media?parent=10113"}],"wp:term":[{"taxonomy":"category","embeddable":true,"href":"https:\/\/www.maxschoenherr.de\/clock\/wp-json\/wp\/v2\/categories?post=10113"},{"taxonomy":"post_tag","embeddable":true,"href":"https:\/\/www.maxschoenherr.de\/clock\/wp-json\/wp\/v2\/tags?post=10113"}],"curies":[{"name":"wp","href":"https:\/\/api.w.org\/{rel}","templated":true}]}}